{"id":176,"date":"2019-02-12T00:00:00","date_gmt":"2019-02-12T05:00:00","guid":{"rendered":"http:\/\/kmosz-nahc.ca\/hu\/?p=176"},"modified":"2019-02-12T00:00:00","modified_gmt":"2019-02-12T05:00:00","slug":"szabadsagharc","status":"publish","type":"post","link":"http:\/\/kmosz-nahc.ca\/hu\/szabadsagharc\/","title":{"rendered":"Szabads\u00e1gharc"},"content":{"rendered":"<p>Sz\u00ednh\u00e1zi el\u0151ad\u00e1s<\/p>\n<p>\u00cdrta: Bresty\u00e1nszki Boros Roz\u00e1lia<\/p>\n<p>Szerepl\u0151k:<\/p>\n<p>Arany J\u00e1nos \u00e9s mindenki m\u00e1s: <strong>K\u00e1ll\u00f3 B\u00e9la<\/strong> szabadkai sz\u00ednm\u0171v\u00e9sz<br \/>Pet\u0151fi S\u00e1ndor: <strong>T\u00f3th P\u00e9ter L\u00f3r\u00e1nt<\/strong> versmond\u00f3, versv\u00e1ndor<\/p>\n<p><img decoding=\"async\" class=\"alignright\" src=\"\/anyag\/rendezveny\/2019\/201903\/201903-Szabadsagharc-hu.jpg\" alt=\"plak\u00e1t\" width=\"250\"><\/p>\n<p>Az el\u0151ad\u00e1s id\u0151tartama: 60 perc<\/p>\n<p>Teljesen korh\u0171, dokumentarista dr\u00e1ma. A c\u00e9lk\u00f6z\u00f6ns\u00e9g a feln\u0151tt \u00e9s k\u00f6z\u00e9piskol\u00e1s koroszt\u00e1ly, \u00e9s tal\u00e1n az 5-8. oszt\u00e1lyos koroszt\u00e1ly is (11-14 \u00e9vesek).<\/p>\n<p>Arany J\u00e1nos \u00e9s Pet\u0151fi S\u00e1ndor bar\u00e1ts\u00e1g\u00e1n, kapcsolat\u00e1n lelhet bepillant\u00e1st a n\u00e9z\u0151 az 1848-49. forradalom \u00e9s szabads\u00e1gharc esem\u00e9nyeibe.<\/p>\n<p>A Magyar Nemzeti Tan\u00e1cs t\u00e1joltat\u00e1si programj\u00e1nak k\u00f6sz\u00f6nhet\u0151en, a Vajdas\u00e1gi Magyar M\u0171vel\u0151d\u00e9si Sz\u00f6vets\u00e9g szervez\u00e9s\u00e9ben D\u00e9lvid\u00e9k 30 telep\u00fcl\u00e9s\u00e9re jutott el az el\u0151ad\u00e1s 2018. december v\u00e9g\u00e9ig. Az el\u0151ad\u00f3k rem\u00e9nyei szerint 2019 m\u00e1rcius\u00e1ig bej\u00e1rj\u00e1k az eg\u00e9sz K\u00e1rp\u00e1t-medenc\u00e9t.<\/p>\n<p>Az \u0151sbemutat\u00f3 2018. m\u00e1jus 31-\u00e9n volt Szabadk\u00e1n a VM4K-ban.<\/p>\n<h2>Kanadai el\u0151ad\u00e1sok<\/h2>\n<p>2019. m\u00e1rcius<\/p>\n<ul>\n<li>8. p\u00e9ntek \u2013 Param\u00e9ter Szobasz\u00ednh\u00e1z, Toronto, ON<\/li>\n<li>9. szombat \u2013 Ottawai Magyar H\u00e1z, Ottawa, ON<\/li>\n<li>10. vas\u00e1rnap \u2013 Csillag\u00f6sv\u00e9ny Egyes\u00fclet, Montre\u00e1l<\/li>\n<li>12. kedd \u2013 Dartmouth, NS<\/li>\n<li>15. p\u00e9ntek \u2013 Kossuth H\u00e1z, Cambridge, ON<\/li>\n<li>16. szombat \u2013 Mindszenty H\u00e1z, Windsor, ON<\/li>\n<li>17. vas\u00e1rnap \u2013 R\u00f3mai Katolikus Templom, Hamilton<\/li>\n<\/ul>\n<style>table, th, td { border: none; } th, td { text-align: center; vertical-align: middle; } <\/style>\n<table style=\"width: 100%;\">\n<tr>\n<td style=\"width: 15%;\"><img decoding=\"async\" loading=\"lazy\" src=\"\/anyag\/jelveny\/MNT-cimer.png\" alt=\"MNT\" width=\"50\" height=\"60\"><\/td>\n<td style=\"width: 70%; text-align: left;\">A d\u00e9lvid\u00e9ki el\u0151ad\u00e1sokat a Magyar Nemzeti Tan\u00e1cs t\u00e1mogatja.<\/td>\n<td><\/td>\n<\/tr>\n<tr>\n<td><img decoding=\"async\" loading=\"lazy\" src=\"\/anyag\/jelveny\/studioart_logo.jpg\" alt=\"StudioArt\" width=\"60\" height=\"60\"><\/td>\n<td style=\"text-align: left;\">A kanadai k\u00f6rutat a <a href=\"http:\/\/www.studioart.hu\">Studio Art<\/a> egyes\u00fclet t\u00e1mogatja \u00e9s a KMOSZ szervezi.<br \/>Toronto \u2013 Ottawa \u2013 Montr\u00e9al \u2013 Dartmouth \u2013 Cambridge \u2013 Windsor \u2013 Hamilton<\/td>\n<td><img decoding=\"async\" loading=\"lazy\" src=\"\/anyag\/jelveny\/KMOSZcimer-RGB_hu_can-75.png\" alt=\"KMOSZ\" width=\"60\" height=\"60\"><\/td>\n<\/tr>\n<\/table>\n","protected":false},"excerpt":{"rendered":"<p>Sz\u00ednh\u00e1zi el\u0151ad\u00e1s \u00cdrta: Bresty\u00e1nszki Boros Roz\u00e1lia Szerepl\u0151k: Arany J\u00e1nos \u00e9s mindenki m\u00e1s: K\u00e1ll\u00f3 B\u00e9la szabadkai sz\u00ednm\u0171v\u00e9szPet\u0151fi S\u00e1ndor: T\u00f3th P\u00e9ter L\u00f3r\u00e1nt versmond\u00f3, versv\u00e1ndor Az el\u0151ad\u00e1s id\u0151tartama: 60 perc Teljesen korh\u0171, dokumentarista dr\u00e1ma. A c\u00e9lk\u00f6z\u00f6ns\u00e9g a feln\u0151tt \u00e9s k\u00f6z\u00e9piskol\u00e1s koroszt\u00e1ly, \u00e9s tal\u00e1n az 5-8. oszt\u00e1lyos koroszt\u00e1ly is (11-14 \u00e9vesek). Arany J\u00e1nos \u00e9s Pet\u0151fi S\u00e1ndor bar\u00e1ts\u00e1g\u00e1n, kapcsolat\u00e1n lelhet &hellip; <a href=\"http:\/\/kmosz-nahc.ca\/hu\/szabadsagharc\/\" class=\"more-link\"><span class=\"screen-reader-text\">&#8222;Szabads\u00e1gharc&#8221;<\/span> b\u0151vebben<\/a><\/p>\n","protected":false},"author":1,"featured_media":0,"comment_status":"closed","ping_status":"closed","sticky":false,"template":"","format":"standard","meta":[],"categories":[5],"tags":[],"_links":{"self":[{"href":"http:\/\/kmosz-nahc.ca\/hu\/wp-json\/wp\/v2\/posts\/176"}],"collection":[{"href":"http:\/\/kmosz-nahc.ca\/hu\/wp-json\/wp\/v2\/posts"}],"about":[{"href":"http:\/\/kmosz-nahc.ca\/hu\/wp-json\/wp\/v2\/types\/post"}],"author":[{"embeddable":true,"href":"http:\/\/kmosz-nahc.ca\/hu\/wp-json\/wp\/v2\/users\/1"}],"replies":[{"embeddable":true,"href":"http:\/\/kmosz-nahc.ca\/hu\/wp-json\/wp\/v2\/comments?post=176"}],"version-history":[{"count":0,"href":"http:\/\/kmosz-nahc.ca\/hu\/wp-json\/wp\/v2\/posts\/176\/revisions"}],"wp:attachment":[{"href":"http:\/\/kmosz-nahc.ca\/hu\/wp-json\/wp\/v2\/media?parent=176"}],"wp:term":[{"taxonomy":"category","embeddable":true,"href":"http:\/\/kmosz-nahc.ca\/hu\/wp-json\/wp\/v2\/categories?post=176"},{"taxonomy":"post_tag","embeddable":true,"href":"http:\/\/kmosz-nahc.ca\/hu\/wp-json\/wp\/v2\/tags?post=176"}],"curies":[{"name":"wp","href":"https:\/\/api.w.org\/{rel}","templated":true}]}}