{"id":171,"date":"2018-05-01T00:00:00","date_gmt":"2018-05-01T05:00:00","guid":{"rendered":"http:\/\/kmosz-nahc.ca\/hu\/?p=171"},"modified":"2018-05-01T00:00:00","modified_gmt":"2018-05-01T05:00:00","slug":"allasfoglalas-ukrajna-nemzeti-kisebbsegek-megkulonboztetese","status":"publish","type":"post","link":"http:\/\/kmosz-nahc.ca\/hu\/allasfoglalas-ukrajna-nemzeti-kisebbsegek-megkulonboztetese\/","title":{"rendered":"\u00c1ll\u00e1sfoglal\u00e1s Ukrajna nemzeti kisebbs\u00e9gek megk\u00fcl\u00f6nb\u00f6ztet\u00e9se \u00e9s a kett\u0151s \u00e1llampolg\u00e1rs\u00e1g miatt hozott ukr\u00e1n parlamenti d\u00f6nt\u00e9s k\u00e9rd\u00e9s\u00e9ben"},"content":{"rendered":"<p>A Kanadai Magyarok Orsz\u00e1gos Sz\u00f6vets\u00e9ge (KMOSZ) aggodalm\u00e1t fejezi ki az Ukrajn\u00e1ban v\u00e9gbemen\u0151 magyar \u00e9s m\u00e1s nemzeti kisebbs\u00e9gek jogainak korl\u00e1toz\u00e1sa miatt. Az ukr\u00e1n korm\u00e1nynak saj\u00e1t \u00e1llampolg\u00e1rai ellen hozott, az egy\u00e9ni \u00e9s nemzetis\u00e9gi jogokra vonatkoz\u00f3 agressz\u00edv \u00e9s megk\u00fcl\u00f6nb\u00f6ztet\u0151 int\u00e9zked\u00e9sei tarthatatlan helyzetet alak\u00edtottak ki a t\u00e9rs\u00e9gben. Ez az \u00e1llapot fedi a nemzeti k\u00f6z\u00f6ss\u00e9gek elleni t\u00e1mad\u00e1s fogalm\u00e1t is. Nem v\u00e9letlen a vissza\u00e9l\u00e9seknek az a sorozata, amely az oktat\u00e1si t\u00f6rv\u00e9nnyel kezd\u0151d\u00f6tt, majd a K\u00e1rp\u00e1taljai Magyar Kultur\u00e1lis Sz\u00f6vets\u00e9g sz\u00e9kh\u00e1za elleni t\u00e1mad\u00e1sokkal folytat\u00f3dott \u00e9s abban a nyelvt\u00f6rv\u00e9nyben cs\u00facsosodott, amely megtiltotta, hogy a kisebbs\u00e9gek haszn\u00e1lhass\u00e1k a saj\u00e1t nyelv\u00fcket. A KMOSZ rem\u00e9ny\u00e9t fejezi ki, hogy az EU, a NATO \u00e9s a nemzetk\u00f6zi jogv\u00e9d\u0151 szervezetek is felemelik szavukat a k\u00e9rd\u00e9sben, mert Ukrajn\u00e1nak is k\u00f6telez\u0151 betartania nemzetk\u00f6zi k\u00f6telezetts\u00e9gv\u00e1llal\u00e1sait, amelyekkel az alkotm\u00e1nyb\u00edr\u00f3s\u00e1ga d\u00f6nt\u00e9se \u00f6sszeegyeztethetetlen.<\/p>\n<p>A KMOSZ kor\u00e1bban is sz\u00f3t emelt az ukrajnai tan\u00fcgyi terv ellen, amely megtiltja a nemzetis\u00e9gi nyelven val\u00f3 oktat\u00e1st \u00e9s az anyanyelv haszn\u00e1lat\u00e1t. Ez a t\u00f6rv\u00e9ny az eur\u00f3pai \u00e9rt\u00e9kek semmibevev\u00e9se. Ez alapj\u00e1n sz\u00f3ba sem j\u00f6het Ukrajna EU-hoz val\u00f3 csatlakoz\u00e1s\u00e1nak \u00e9s a nyugati sz\u00f6vets\u00e9gesekkel val\u00f3 egy\u00fcttm\u0171k\u00f6d\u00e9s\u00e9nek a lehet\u0151s\u00e9ge. Az \u00faj tan\u00fcgyi \u2013 nevel\u00e9s\u00fcgyi t\u00f6rv\u00e9ny megsemmis\u00edt\u0151 csap\u00e1st jelent a k\u00e1rp\u00e1taljai magyar k\u00f6z\u00f6ss\u00e9gre, amely ragaszkodik anyanyelv\u00e9hez, kult\u00far\u00e1j\u00e1hoz, \u00e9s harcol jogainak l\u00e1bbal tipr\u00e1sa ellen.<\/p>\n<p>Leg\u00fajabban Petro Poroshenko, Ukrajna eln\u00f6ke utas\u00edtotta a Parlamentet, hogy fossz\u00e1k meg az \u00e1llampolg\u00e1rs\u00e1gukt\u00f3l azokat a szem\u00e9lyeket, akik kett\u0151s \u00e1llampolg\u00e1rs\u00e1ggal \u00e9s ez\u00e1ltal Ukrajn\u00e1n k\u00edv\u00fcli szavazati joggal rendelkeznek. Ez a t\u00f6rv\u00e9ny ism\u00e9telten a K\u00e1rp\u00e1talj\u00e1n \u00e9l\u0151 magyarok ellen ir\u00e1nyul, akik k\u00f6zel egy \u00e9vsz\u00e1zados elnyom\u00e1s \u00e9s megk\u00fcl\u00f6nb\u00f6ztet\u00e9s ut\u00e1n felvehett\u00e9k a magyar \u00e1llampolg\u00e1rs\u00e1got az\u00e9rt, hogy meg\u0151rizhess\u00e9k nemzeti identit\u00e1sukat, kapcsolatot tarthassanak az anyaorsz\u00e1ggal \u00e9s ott lak\u00f3 csal\u00e1dtagjaikkal. A KMOSz azzal a k\u00e9r\u00e9ssel fordul a nemzetk\u00f6zi szervezetekhez, hogy gyakoroljanak nyom\u00e1st az ukr\u00e1n korm\u00e1nyra az eur\u00f3pai \u00e9s nemzetk\u00f6zi k\u00f6telezetts\u00e9geinek tiszteletben tart\u00e1s\u00e1ban, elnyom\u00f3 t\u00f6rv\u00e9nyeinek megsz\u00fcntet\u00e9s\u00e9ben.<\/p>\n<p>Hasonl\u00f3an aggaszt\u00f3 helyzetet jelent K\u00e1rp\u00e1talja militariz\u00e1l\u00e1s\u00e1nak er\u0151s\u00f6d\u00e9se. Ukrajna mintegy 800-1000 f\u0151nyi katonai egys\u00e9get vez\u00e9nyelt a magyar hat\u00e1rt\u00f3l t\u00edz kilom\u00e9ternyi t\u00e9rs\u00e9gbe. A Beregsz\u00e1sz k\u00f6zel\u00e9ben l\u00e9v\u0151 r\u00e9gi katonai b\u00e1zis ilyen m\u00e9ret\u0171 \u00fajraaktiv\u00e1l\u00e1sa ny\u00edlt agresszi\u00f3 Magyarorsz\u00e1g \u00e9s a k\u00e1rp\u00e1taljai magyar kisebbs\u00e9g ellen. A magyarok nem jelentenek semmif\u00e9le nemzeti vesz\u00e9lyt Ukrajn\u00e1ra \u00e9s annak ter\u00fcleti integrit\u00e1s\u00e1ra, amelyet hangoztatnak, hogy saj\u00e1t n\u00e9p\u00fcket paranoid riadalomban tarts\u00e1k. A KMOSZ aggaszt\u00f3nak tartja a kialakult helyzetet, \u00e9s rem\u00e9ny\u00e9t fejezi ki, hogy hamarosan felold\u00f3dnak a fesz\u00fclts\u00e9gek.<\/p>\n<p>Sajn\u00e1latos, hogy a XXI. sz\u00e1zad Eur\u00f3p\u00e1j\u00e1ban harcolnunk kell a b\u00e9k\u00e9s, t\u00f6rv\u00e9nytisztel\u0151 nemzeti kisebbs\u00e9gek jogainak biztos\u00edt\u00e1s\u00e1\u00e9rt. Ukrajna csak akkor lehet megbecs\u00fclt \u00e1llam a t\u00e9rs\u00e9gben, ha betartja saj\u00e1t \u00e1llampolg\u00e1rainak t\u00f6rv\u00e9nyes jogait. A KMOSZ t\u00e1mogatja a magyarorsz\u00e1gi emberjogi \u00e9s az eur\u00f3pai nemzeti kisebbs\u00e9gek v\u00e9delm\u00e9\u00e9rt foly\u00f3 t\u00f6rekv\u00e9seket.<\/p>\n","protected":false},"excerpt":{"rendered":"<p>A Kanadai Magyarok Orsz\u00e1gos Sz\u00f6vets\u00e9ge (KMOSZ) aggodalm\u00e1t fejezi ki az Ukrajn\u00e1ban v\u00e9gbemen\u0151 magyar \u00e9s m\u00e1s nemzeti kisebbs\u00e9gek jogainak korl\u00e1toz\u00e1sa miatt. Az ukr\u00e1n korm\u00e1nynak saj\u00e1t \u00e1llampolg\u00e1rai ellen hozott, az egy\u00e9ni \u00e9s nemzetis\u00e9gi jogokra vonatkoz\u00f3 agressz\u00edv \u00e9s megk\u00fcl\u00f6nb\u00f6ztet\u0151 int\u00e9zked\u00e9sei tarthatatlan helyzetet alak\u00edtottak ki a t\u00e9rs\u00e9gben. Ez az \u00e1llapot fedi a nemzeti k\u00f6z\u00f6ss\u00e9gek elleni t\u00e1mad\u00e1s fogalm\u00e1t is. Nem &hellip; <a href=\"http:\/\/kmosz-nahc.ca\/hu\/allasfoglalas-ukrajna-nemzeti-kisebbsegek-megkulonboztetese\/\" class=\"more-link\"><span class=\"screen-reader-text\">&#8222;\u00c1ll\u00e1sfoglal\u00e1s Ukrajna nemzeti kisebbs\u00e9gek megk\u00fcl\u00f6nb\u00f6ztet\u00e9se \u00e9s a kett\u0151s \u00e1llampolg\u00e1rs\u00e1g miatt hozott ukr\u00e1n parlamenti d\u00f6nt\u00e9s k\u00e9rd\u00e9s\u00e9ben&#8221;<\/span> b\u0151vebben<\/a><\/p>\n","protected":false},"author":1,"featured_media":0,"comment_status":"closed","ping_status":"closed","sticky":false,"template":"","format":"standard","meta":[],"categories":[6],"tags":[],"_links":{"self":[{"href":"http:\/\/kmosz-nahc.ca\/hu\/wp-json\/wp\/v2\/posts\/171"}],"collection":[{"href":"http:\/\/kmosz-nahc.ca\/hu\/wp-json\/wp\/v2\/posts"}],"about":[{"href":"http:\/\/kmosz-nahc.ca\/hu\/wp-json\/wp\/v2\/types\/post"}],"author":[{"embeddable":true,"href":"http:\/\/kmosz-nahc.ca\/hu\/wp-json\/wp\/v2\/users\/1"}],"replies":[{"embeddable":true,"href":"http:\/\/kmosz-nahc.ca\/hu\/wp-json\/wp\/v2\/comments?post=171"}],"version-history":[{"count":0,"href":"http:\/\/kmosz-nahc.ca\/hu\/wp-json\/wp\/v2\/posts\/171\/revisions"}],"wp:attachment":[{"href":"http:\/\/kmosz-nahc.ca\/hu\/wp-json\/wp\/v2\/media?parent=171"}],"wp:term":[{"taxonomy":"category","embeddable":true,"href":"http:\/\/kmosz-nahc.ca\/hu\/wp-json\/wp\/v2\/categories?post=171"},{"taxonomy":"post_tag","embeddable":true,"href":"http:\/\/kmosz-nahc.ca\/hu\/wp-json\/wp\/v2\/tags?post=171"}],"curies":[{"name":"wp","href":"https:\/\/api.w.org\/{rel}","templated":true}]}}