{"id":153,"date":"2017-02-27T00:00:00","date_gmt":"2017-02-27T05:00:00","guid":{"rendered":"http:\/\/kmosz-nahc.ca\/hu\/?p=153"},"modified":"2017-02-27T00:00:00","modified_gmt":"2017-02-27T05:00:00","slug":"bokreta-hagyomanyos-teli-tabor","status":"publish","type":"post","link":"http:\/\/kmosz-nahc.ca\/hu\/bokreta-hagyomanyos-teli-tabor\/","title":{"rendered":"Bokr\u00e9ta &#8211; hagyom\u00e1nyos t\u00e9li t\u00e1bor"},"content":{"rendered":"<p>2017. febru\u00e1r 17-19 k\u00f6z\u00f6tt \u00fajra Montre\u00e1l k\u00f6zel\u00e9be, az \u00cele-Perrot- ra helyez\u0151d\u00f6tt \u00e1t \u00c9szak-Amerika magyar n\u00e9pt\u00e1ncos vil\u00e1g\u00e1nak k\u00f6z\u00e9ppontja &#8211; megrendez\u00e9sre ker\u00fclt ugyanis a Bokr\u00e9ta Egy\u00fcttes Hagyom\u00e1nyos T\u00e9li T\u00e1bora. T\u00f6bb mint 100 t\u00e1ncos gy\u0171lt \u00f6ssze eg\u00e9sz \u00c9szak-Amerik\u00e1b\u00f3l egy\u00fctt t\u00e1ncolni, sz\u00e1szcs\u00e1v\u00e1si t\u00e1ncokat tanulni. \u00e9s nem utols\u00f3 sorban egy\u00fcttmulatni.<\/p>\n<p><img decoding=\"async\" loading=\"lazy\" class=\"alignleft\" src=\"\/anyag\/hir\/2017\/Bokreta-kozoskep.jpg\" alt=\"Bork\u00e9ta t\u00e1bor\" width=\"250\" height=\"250\"><\/p>\n<p>A Bokr\u00e9ta Egy\u00fcttes id\u00e9n \u00fcnnepelte fenn\u00e1ll\u00e1s\u00e1nak 50. \u00e9vfordul\u00f3j\u00e1t. A montre\u00e1li sz\u00e9khely\u0171 egy\u00fcttest jelenleg a magyar t\u00e1ncosok mellett nagyr\u00e9szt quebec-i francia tags\u00e1g alkotja, \u00edgy k\u00fcl\u00f6n elismer\u00e9sre m\u00e9lt\u00f3, milyen t\u00f6k\u00e9letes magyars\u00e1ggal \u00e9neklik a n\u00e9pdalokat.<\/p>\n<p>Rendk\u00edv\u00fcl magas sz\u00ednvonalon dolgoznak, amit a rendszeres pr\u00f3b\u00e1kon \u00e9s fell\u00e9p\u00e9seken k\u00edv\u00fcl id\u0151r\u0151l id\u0151re Magyarorsz\u00e1gon \u00e9s Erd\u00e9lyben tett l\u00e1togat\u00e1sokkal tesznek teljess\u00e9, hogy ottani fesztiv\u00e1lokon vegyenek r\u00e9szt \u00e9s helyben is tanuljanak.<\/p>\n<p>A t\u00e1bort most is k\u00e9t magyarorsz\u00e1gi tan\u00e1r, L\u0151rincz Hortenzia \u00e9s Hahn-Kakas Istv\u00e1n vezette, rajtuk k\u00edv\u00fcl n\u00e9pes m\u0171v\u00e9szg\u00e1rda \u00e9rkezett Sz\u00e1szcs\u00e1v\u00e1sb\u00f3l: h\u00e1rom zen\u00e9sz a cs\u00e1v\u00e1si falusi cig\u00e1nyzenekarb\u00f3l Fazakas Levent\u00e9vel kieg\u00e9sz\u00fclve, \u00e9s hozz\u00e1juk csatlakozott Montre\u00e1lb\u00f3l Garda Levente, Krasznai Attila \u00e9s Sergiu Popa.<\/p>\n<p>A t\u00e1borlak\u00f3k t\u00f6bbs\u00e9ge m\u00e1r 17-\u00e9n d\u00e9lut\u00e1n meg\u00e9rkezett, \u00e9s birtokba vette a sz\u00e1ll\u00e1st. Az esti t\u00e1nch\u00e1z hajnalig tartott. M\u00e1snap elkezd\u0151dtek a nappali workshopok, ahol a r\u00e9sztvev\u0151ksz\u00e1szcs\u00e1v\u00e1si magyar t\u00e1ncokat tanultak. Este pedig el\u00e9rkezett a h\u00e9tv\u00e9ge tet\u0151pontja: a Cs\u00e1v\u00e1si B\u00e1l. Bemeleg\u00edt\u00e9sk\u00e9nt 19 \u00f3r\u00e1t\u00f3l a gyermekt\u00e1nch\u00e1z nyitotta meg kapuit, majd a b\u00e1loz\u00f3k is meg\u00e9rkeztek. A zen\u00e9szek a K\u00fck\u00fcll\u0151mente kultur\u00e1lis soksz\u00edn\u0171s\u00e9g\u00e9t bemutat\u00f3 koncertje nyitotta meg az est\u00e9t: leny\u0171g\u00f6z\u0151 csokrot \u00e1ll\u00edtottak \u00f6ssze ottani magyar, rom\u00e1n \u00e9s cig\u00e1ny dalokb\u00f3l. Ezut\u00e1n a Bokr\u00e9ta Egy\u00fcttes bemutat\u00f3j\u00e1ra ker\u00fclt sor, csodasz\u00e9p kalocsai koreogr\u00e1fi\u00e1t mutattak be a publikumnak. A sz\u00e9d\u00fcletes el\u0151ad\u00e1st a k\u00f6z\u00f6ns\u00e9g vastapssal jutalmazta, majd n\u00e9h\u00e1ny perccel k\u00e9s\u0151bb m\u00e1r szinte mindenki lelkesen ropta a t\u00e1nch\u00e1zban. Ez k\u00f6z\u00f6s t\u00e1nctan\u00edt\u00e1ssal kezd\u0151d\u00f6tt, a cs\u00e1v\u00e1si magyar t\u00e1ncok alapjaival, majd vezetett t\u00e1ncokat j\u00e1rtunk, amikbe a teljesen kezd\u0151k is k\u00f6nnyed\u00e9n becsatlakozhattak. Farsangi id\u0151szak l\u00e9v\u00e9n a v\u00e1llalkoz\u00f3 kedv\u0171 t\u00e1ncosok k\u00fcl\u00f6nb\u00f6z\u0151 koszt\u00fcm\u00f6ket is \u00f6lt\u00f6ttek, amelyeket a zs\u0171ri jelmezverseny keret\u00e9ben b\u00edr\u00e1lt el. A tanul\u00e1st szabad t\u00e1nc \u00e9s mulatoz\u00e1s k\u00f6vette, \u201ekivil\u00e1gos virradtig\u201d. A Cs\u00e1v\u00e1si B\u00e1l k\u00f6zel 200 r\u00e9sztvev\u0151vel, abszol\u00fat telth\u00e1zzal, fergeteges hangulatban zajlott le, az esem\u00e9ny f\u00e9ny\u00e9t jelenl\u00e9t\u00e9vel emelte dr. \u00d3dor B\u00e1lint, Magyarorsz\u00e1g kanadai nagyk\u00f6vete \u00e9s De\u00e1k-Stifner Dorottya kultur\u00e1lis attas\u00e9.<\/p>\n<p>A t\u00e1bor utols\u00f3 napj\u00e1t szint\u00e9n workshopok t\u00f6lt\u00f6tt\u00e9k ki, majd este m\u00e9g egy z\u00e1r\u00f3 t\u00e1nch\u00e1z v\u00e1rta a f\u00e1radhatatlan t\u00e1rsas\u00e1got.<\/p>\n<p>A h\u00e1rom tartalmas nap sor\u00e1n mindannyian rengeteget tanultunk, a tan\u00e1rok pedig m\u00e9g egy teljes h\u00e9tig itt maradnak, hogy a Bokr\u00e9ta Egy\u00fcttesnek egy \u00faj koreogr\u00e1fi\u00e1t tan\u00edtsanak be.<\/p>\n<p>A rendezv\u00e9ny k\u00e9pei megtekinthet\u0151ek <a href=\"https:\/\/flic.kr\/s\/aHskSkvpMn\">itt<\/a>. <br \/><em><a href=\"http:\/\/korosiprogram.hu\/osztondijasaink\/takacsy-dorka-kornelia\">Tak\u00e1csy Dorka Korn\u00e9lia<\/a>, KCSP, Montre\u00e1l<\/em><\/p>\n","protected":false},"excerpt":{"rendered":"<p>2017. febru\u00e1r 17-19 k\u00f6z\u00f6tt \u00fajra Montre\u00e1l k\u00f6zel\u00e9be, az \u00cele-Perrot- ra helyez\u0151d\u00f6tt \u00e1t \u00c9szak-Amerika magyar n\u00e9pt\u00e1ncos vil\u00e1g\u00e1nak k\u00f6z\u00e9ppontja &#8211; megrendez\u00e9sre ker\u00fclt ugyanis a Bokr\u00e9ta Egy\u00fcttes Hagyom\u00e1nyos T\u00e9li T\u00e1bora. T\u00f6bb mint 100 t\u00e1ncos gy\u0171lt \u00f6ssze eg\u00e9sz \u00c9szak-Amerik\u00e1b\u00f3l egy\u00fctt t\u00e1ncolni, sz\u00e1szcs\u00e1v\u00e1si t\u00e1ncokat tanulni. \u00e9s nem utols\u00f3 sorban egy\u00fcttmulatni. A Bokr\u00e9ta Egy\u00fcttes id\u00e9n \u00fcnnepelte fenn\u00e1ll\u00e1s\u00e1nak 50. \u00e9vfordul\u00f3j\u00e1t. A montre\u00e1li &hellip; <a href=\"http:\/\/kmosz-nahc.ca\/hu\/bokreta-hagyomanyos-teli-tabor\/\" class=\"more-link\"><span class=\"screen-reader-text\">&#8222;Bokr\u00e9ta &#8211; hagyom\u00e1nyos t\u00e9li t\u00e1bor&#8221;<\/span> b\u0151vebben<\/a><\/p>\n","protected":false},"author":1,"featured_media":0,"comment_status":"closed","ping_status":"closed","sticky":false,"template":"","format":"standard","meta":[],"categories":[3],"tags":[],"_links":{"self":[{"href":"http:\/\/kmosz-nahc.ca\/hu\/wp-json\/wp\/v2\/posts\/153"}],"collection":[{"href":"http:\/\/kmosz-nahc.ca\/hu\/wp-json\/wp\/v2\/posts"}],"about":[{"href":"http:\/\/kmosz-nahc.ca\/hu\/wp-json\/wp\/v2\/types\/post"}],"author":[{"embeddable":true,"href":"http:\/\/kmosz-nahc.ca\/hu\/wp-json\/wp\/v2\/users\/1"}],"replies":[{"embeddable":true,"href":"http:\/\/kmosz-nahc.ca\/hu\/wp-json\/wp\/v2\/comments?post=153"}],"version-history":[{"count":0,"href":"http:\/\/kmosz-nahc.ca\/hu\/wp-json\/wp\/v2\/posts\/153\/revisions"}],"wp:attachment":[{"href":"http:\/\/kmosz-nahc.ca\/hu\/wp-json\/wp\/v2\/media?parent=153"}],"wp:term":[{"taxonomy":"category","embeddable":true,"href":"http:\/\/kmosz-nahc.ca\/hu\/wp-json\/wp\/v2\/categories?post=153"},{"taxonomy":"post_tag","embeddable":true,"href":"http:\/\/kmosz-nahc.ca\/hu\/wp-json\/wp\/v2\/tags?post=153"}],"curies":[{"name":"wp","href":"https:\/\/api.w.org\/{rel}","templated":true}]}}