{"id":138,"date":"2016-11-11T00:00:00","date_gmt":"2016-11-11T05:00:00","guid":{"rendered":"http:\/\/kmosz-nahc.ca\/hu\/?p=138"},"modified":"2016-11-11T00:00:00","modified_gmt":"2016-11-11T05:00:00","slug":"neptancba-ontott-forradalom","status":"publish","type":"post","link":"http:\/\/kmosz-nahc.ca\/hu\/neptancba-ontott-forradalom\/","title":{"rendered":"N\u00e9pt\u00e1ncba \u00f6nt\u00f6tt forradalom"},"content":{"rendered":"<p><em>N\u00e9pt\u00e1ncba \u00f6nt\u00f6tt forradalom \u2013 Spirit of Hungary<\/em><\/p>\n<p>Az 1956-os magyar forradalmat \u00e9s szabads\u00e1gharcot m\u00e1r sz\u00e1mtalanszor meg\u00e9nekelt\u00e9k dalokban, meg\u00edrt\u00e1k versben, novell\u00e1ban esetleg reg\u00e9nyben, megfilmes\u00edtett\u00e9k, szoborr\u00e1 \u00f6nt\u00f6tt\u00e9k, vagy lefestett\u00e9k. M\u00e9gis az idei, hatvanadik \u00e9vfordul\u00f3n, olyan megeml\u00e9kez\u00e9ssel tal\u00e1lkozhattam Toront\u00f3ban, amelyre nem sz\u00e1m\u00edtottam. Okt\u00f3ber 16-\u00e1n a Toronto Center for the Arts nagysz\u00ednpad\u00e1n n\u00e9pt\u00e1ncosok keltett\u00e9k \u00e9letre a forradalmat.<\/p>\n<p>A Magyar Nemzeti T\u00e1ncegy\u00fcttes m\u00e9g okt\u00f3ber elej\u00e9n indult t\u00edz \u00e1llom\u00e1sb\u00f3l \u00e1ll\u00f3 amerikai turn\u00e9j\u00e1ra az 1956-os Eml\u00e9kbizotts\u00e1g t\u00e1mogat\u00e1s\u00e1val, hogy bemutassa a forradalmat \u00fagy, ahogyan azt m\u00e9g csak kevesen l\u00e1thatt\u00e1k. A m\u0171sor el\u0151tt \u00d3dor B\u00e1lint Magyarorsz\u00e1g kanadai nagyk\u00f6vete k\u00f6sz\u00f6nt\u00f6tte a megjelent t\u00f6bb mint nyolcsz\u00e1z f\u0151s k\u00f6z\u00f6ns\u00e9get \u00e9s besz\u00e9lt 1956 jelent\u0151s\u00e9g\u00e9r\u0151l, a forradalom magyar-kanadai k\u00f6z\u00f6s \u00f6r\u00f6ks\u00e9g\u00e9r\u0151l. K\u00e9rte, hogy a megjelentek k\u00f6z\u00fcl \u00e1lljanak fel azok, akik a forradalom \u00e9veiben hagyt\u00e1k el az Anyaorsz\u00e1got, \u00e9s m\u00edg z\u00fagott a k\u00f6z\u00f6ns\u00e9g elismer\u0151 tapsa, a nagyk\u00f6vet \u00far k\u00fcl\u00f6n k\u00f6sz\u00f6nt\u00f6tte a fel\u00e1llt \u201956-os forradalm\u00e1rokat.<\/p>\n<p>Vaski G\u00e1bor, a Kanadai Magyarok Orsz\u00e1gos Sz\u00f6vets\u00e9g\u00e9nek (KMOSZ) eln\u00f6ke szint\u00e9n \u00fcdv\u00f6z\u00f6lte a k\u00f6z\u00f6ns\u00e9get, majd megk\u00f6sz\u00f6nte minden szervez\u0151nek a munk\u00e1t, k\u00fcl\u00f6n kiemelve Bede-Fazekas Zsoltot \u00e9s Papp Hortenzi\u00e1t, akik nem csak csup\u00e1n ezt a produkci\u00f3t seg\u00edtettek elhozni Toront\u00f3ba, hanem t\u00f6bb mint h\u00fasz \u00e9ve f\u00e1rads\u00e1gos \u00e9s kitart\u00f3 munk\u00e1val dolgoznak az\u00e9rt, hogy a magyar kult\u00fara vir\u00e1gozzon Kanad\u00e1ban.<\/p>\n<p>Az el\u0151ad\u00e1s els\u0151 r\u00e9sz\u00e9ben a sz\u00ednpadon nem n\u00e9pviseletben, hanem a forradalom korabeli ruh\u00e1kban l\u00e1thattuk a t\u00e1ncosokat, akik az 1956-os szabads\u00e1gharchoz k\u00f6thet\u0151 kort\u00e1rs \u00e9s tematikus koreogr\u00e1fi\u00e1kat adtak el\u0151. Megjelent a harc, a pesti utc\u00e1k, a l\u00e1zad\u00e1s, a vesztes\u00e9g, a menek\u00fcl\u00e9s \u00e9s a bizonytalans\u00e1g k\u00e9pe is, a t\u00e1ncmozdulatokat pedig sokszor kort\u00e1rs zene k\u00eds\u00e9rte. A koreogr\u00e1fi\u00e1k \u00fczenet\u00e9t a t\u00e1ncosok sikeresen adt\u00e1k \u00e1t, a k\u00f6z\u00f6ns\u00e9get pedig \u00e1tj\u00e1rta a forradalom hangulata. Az els\u0151 r\u00e9sz v\u00e9gs\u0151 \u00fczenete, egyben a forradalom \u00fczenete is volt; szabads\u00e1g\u00e9rt val\u00f3 k\u00fczdelem sosem hi\u00e1baval\u00f3 a forradalom h\u0151seit pedig sosem felejtj\u00fck. A Kanad\u00e1ban \u00e9l\u0151 magyarok nagyr\u00e9sze \u201956 ut\u00e1n k\u00e9nyszer\u00fclt elhagyni Magyarorsz\u00e1got egy boldogabb, biztons\u00e1gosabb \u00e9let rem\u00e9ny\u00e9ben, \u00edgy \u0151ket k\u00fcl\u00f6n\u00f6sen megragadta az el\u0151ad\u00e1s ezen r\u00e9sze.<\/p>\n<p>A magyar n\u00e9pt\u00e1nc gy\u00f6kerei a k\u00f6z\u00e9pkorig ny\u00falnak vissza, az \u00e9vsz\u00e1zadok sor\u00e1n pedig sz\u00e1mos k\u00fcls\u0151 hat\u00e1s \u00e9rte a szomsz\u00e9dos orsz\u00e1gokb\u00f3l, \u00edgy v\u00e1lhatott rendk\u00edv\u00fcl sokoldal\u00fav\u00e1. Az est m\u00e1sodik fel\u00e9ben a K\u00e1rp\u00e1t-medence k\u00fcl\u00f6nb\u00f6z\u0151 helyeir\u0151l hoztak autentikus n\u00e9pt\u00e1ncot \u00e9s n\u00e9pzen\u00e9t sz\u00e1munkra a Nemzeti T\u00e1ncegy\u00fcttes tagjai, valamint zenekaruk. Zsur\u00e1fszky Zolt\u00e1n koreogr\u00e1fi\u00e1ib\u00f3l l\u00e1thattunk soksz\u00edn\u0171 v\u00e1logat\u00e1st. A mez\u0151s\u00e9gi, r\u00e1bak\u00f6zi, szatm\u00e1ri \u00e9s s\u00e1rk\u00f6zi t\u00e1ncok k\u00f6z\u00f6tt marosmenti cig\u00e1nyt\u00e1nc is megb\u00fajt, valamint t\u00f6rt\u00e9netek sokas\u00e1ga esk\u00fcv\u0151r\u0151l, szerelemr\u0151l, arat\u00e1sr\u00f3l, vagy \u00e9ppen k\u00e9t f\u00e9rfi k\u00fczdelm\u00e9r\u0151l egy l\u00e1ny kegyei\u00e9rt. Olykor humorosan, olykor szomor\u00faan, de mindig katon\u00e1s pontoss\u00e1ggal, sz\u00ednes, hagyom\u00e1nyos ruh\u00e1zatban \u00e9s ragad\u00f3 lelkesed\u00e9ssel adt\u00e1k el\u0151 a t\u00e1ncokat a fiatal m\u0171v\u00e9szek. Az el\u0151ad\u00e1st a sz\u00e9kr\u0151l fel\u00e1llva, \u00fctemes sz\u0171nni nem akar\u00f3 tapssal k\u00f6sz\u00f6nte meg a telth\u00e1zas kanadai k\u00f6z\u00f6ns\u00e9g.<\/p>\n","protected":false},"excerpt":{"rendered":"<p>N\u00e9pt\u00e1ncba \u00f6nt\u00f6tt forradalom \u2013 Spirit of Hungary Az 1956-os magyar forradalmat \u00e9s szabads\u00e1gharcot m\u00e1r sz\u00e1mtalanszor meg\u00e9nekelt\u00e9k dalokban, meg\u00edrt\u00e1k versben, novell\u00e1ban esetleg reg\u00e9nyben, megfilmes\u00edtett\u00e9k, szoborr\u00e1 \u00f6nt\u00f6tt\u00e9k, vagy lefestett\u00e9k. M\u00e9gis az idei, hatvanadik \u00e9vfordul\u00f3n, olyan megeml\u00e9kez\u00e9ssel tal\u00e1lkozhattam Toront\u00f3ban, amelyre nem sz\u00e1m\u00edtottam. Okt\u00f3ber 16-\u00e1n a Toronto Center for the Arts nagysz\u00ednpad\u00e1n n\u00e9pt\u00e1ncosok keltett\u00e9k \u00e9letre a forradalmat. A Magyar &hellip; <a href=\"http:\/\/kmosz-nahc.ca\/hu\/neptancba-ontott-forradalom\/\" class=\"more-link\"><span class=\"screen-reader-text\">&#8222;N\u00e9pt\u00e1ncba \u00f6nt\u00f6tt forradalom&#8221;<\/span> b\u0151vebben<\/a><\/p>\n","protected":false},"author":1,"featured_media":0,"comment_status":"closed","ping_status":"closed","sticky":false,"template":"","format":"standard","meta":[],"categories":[3],"tags":[],"_links":{"self":[{"href":"http:\/\/kmosz-nahc.ca\/hu\/wp-json\/wp\/v2\/posts\/138"}],"collection":[{"href":"http:\/\/kmosz-nahc.ca\/hu\/wp-json\/wp\/v2\/posts"}],"about":[{"href":"http:\/\/kmosz-nahc.ca\/hu\/wp-json\/wp\/v2\/types\/post"}],"author":[{"embeddable":true,"href":"http:\/\/kmosz-nahc.ca\/hu\/wp-json\/wp\/v2\/users\/1"}],"replies":[{"embeddable":true,"href":"http:\/\/kmosz-nahc.ca\/hu\/wp-json\/wp\/v2\/comments?post=138"}],"version-history":[{"count":0,"href":"http:\/\/kmosz-nahc.ca\/hu\/wp-json\/wp\/v2\/posts\/138\/revisions"}],"wp:attachment":[{"href":"http:\/\/kmosz-nahc.ca\/hu\/wp-json\/wp\/v2\/media?parent=138"}],"wp:term":[{"taxonomy":"category","embeddable":true,"href":"http:\/\/kmosz-nahc.ca\/hu\/wp-json\/wp\/v2\/categories?post=138"},{"taxonomy":"post_tag","embeddable":true,"href":"http:\/\/kmosz-nahc.ca\/hu\/wp-json\/wp\/v2\/tags?post=138"}],"curies":[{"name":"wp","href":"https:\/\/api.w.org\/{rel}","templated":true}]}}