{"id":127,"date":"2015-02-07T00:00:00","date_gmt":"2015-02-07T05:00:00","guid":{"rendered":"http:\/\/kmosz-nahc.ca\/hu\/?p=127"},"modified":"2015-02-07T00:00:00","modified_gmt":"2015-02-07T05:00:00","slug":"nyilt-level-az-uj-magyar-szo-foszerkesztojehez","status":"publish","type":"post","link":"http:\/\/kmosz-nahc.ca\/hu\/nyilt-level-az-uj-magyar-szo-foszerkesztojehez\/","title":{"rendered":"Ny\u00edlt lev\u00e9l az \u00daj Magyar Sz\u00f3 f\u0151szerkeszt\u0151j\u00e9hez"},"content":{"rendered":"<p>Tisztelt F\u0151szerkeszt\u0151 \u00dar!<\/p>\n<p>A Maszol &#8211; \u00daj Magyar Sz\u00f3 online oldalain 2015. janu\u00e1r 21-\u00e9n \u201eEgy h\u00e9t magyars\u00e1gpolitikai \u00edr\u00e1saib\u00f3l (janu\u00e1r 14-20.)\u201d rovatban jelent meg B\u00e1lint-Pataki J\u00f3zsefnek a legnagyobb magyar gondolataival ind\u00edtott, hossz\u00fa eszmefuttat\u00e1sa, miszerint \u201eKanad\u00e1ban ma is igaz Sz\u00e9chenyi mond\u00e1sa: \u201e<em>A magyar legnagyobb ellens\u00e9ge a magyar.<\/em>\u201d <\/p>\n<p>B\u00e1lint-Pataki \u00far fogalmazv\u00e1ny\u00e1b\u00f3l azt olvassuk ki, hogy olyan t\u00e9m\u00e1ban m\u00e1rtogatta meg a toll\u00e1t, amihez m\u00e1sodk\u00e9zb\u0151l, \u201en\u00e9h\u00e1ny, e k\u00f6z\u00f6ss\u00e9gb\u0151l (m\u00e1rmint kanadai magyar) v\u00e9tetett, nemzetben \u00e9s nem p\u00e1rtk\u00f6t\u0151d\u00e9sben gondolkod\u00f3 k\u00f6z\u00f6ss\u00e9gi ember\u201d inform\u00e1ci\u00f3ja juttatta. <\/p>\n<p>Ez a meg\u00e1llap\u00edt\u00e1s m\u00e1r egyb\u0151l nem \u00e1llja meg a hely\u00e9t, hiszen akik v\u00e9lem\u00e9ny\u00e9t B\u00e1lint-Pataki \u00far mag\u00e1\u00e9v\u00e1 tette \u2013 G\u00f6llner Andr\u00e1s \u00e9s Christopher Adam \u2013 egyr\u00e9szt kivonj\u00e1k magukat a kanadai magyar szervezett k\u00f6z\u00f6ss\u00e9gek \u00e9let\u00e9b\u0151l, m\u00e1sr\u00e9szt pedig a Gyurcs\u00e1ny Ferenc \u00e1ltal alap\u00edtott Magyar Demokratikus Charta (egy\u00e9bk\u00e9nt 5 tagot felt\u00fcntet\u0151) kanadai fi\u00f3kszervezet\u00e9nek sz\u00f3viv\u0151jek\u00e9nt hat\u00e1rozz\u00e1k meg magukat, s mint ilyen, egy\u00e9rtelm\u0171en k\u00f6t\u0151dnek egy hazai p\u00e1rtpolitikai mozgalomhoz. Ezen \u2013 k\u00f6z\u00f6ss\u00e9gi embereknek vagy f\u00fcggetlennek nehezen mondhat\u00f3 \u2013 egy\u00e9nek v\u00e9lem\u00e9nye alapj\u00e1n null\u00e1zta le a kanadai magyars\u00e1got \u00e9s annak legnagyobb erny\u0151szervezet\u00e9t, a Kanadai Magyarok Orsz\u00e1gos Sz\u00f6vets\u00e9g\u00e9t, a KMOSZ-t B\u00e1lint-Pataki J\u00f3zsef.<\/p>\n<p>Megk\u00e9rdezn\u0151k, hogy \u00d6n\u00f6k szerint mi a hiteless\u00e9ge az eg\u00e9sznek, ha B\u00e1lint-Pataki \u00far m\u00e9g nem j\u00e1rt k\u00f6z\u00f6tt\u00fcnk &#8211; legal\u00e1bbis nem eml\u00edti -, teh\u00e1t nem ismerheti az itteni \u00e1llapotokat, m\u00e1rpedig an\u00e9lk\u00fcl ilyen t\u00e9m\u00e1ban hogy is mer ak\u00e1rki tollat ragadni? Minek alapj\u00e1n jutott el olyan \u00e1ltal\u00e1nos\u00edt\u00e1sokra, hogy mi, kanadai magyarok \u201ea 2010 ut\u00e1ni anyaorsz\u00e1gi tudatos \u00e9s durva beavatkoz\u00e1s\u201d eredm\u00e9nyek\u00e9nt, \u201ea Jobbikkal is kokett\u00e1l\u00f3 Fidesz\u201d ir\u00e1ny\u00edt\u00e1s\u00e1val nemet mondtunk a v\u00e9lem\u00e9nyszabads\u00e1gra, v\u00e9glegesen sz\u00e9tromboltuk a magyar diaszp\u00f3r\u00e1t, mikor pedig tudott dolog, hogy \u201eaz eg\u00e9sz Orb\u00e1n-rezsimet a velej\u00e9ig \u00e1thatja a korrupci\u00f3, a minisztereln\u00f6k az uni\u00f3s p\u00e9nzekb\u0151l val\u00f3 kibekkel\u00e9sre j\u00e1tszik\u2026\u201d<\/p>\n<p>Tiszelt F\u0151szerkeszt\u0151 \u00dar!<\/p>\n<p>Nek\u00fcnk, t\u00e1volra szakadtaknak csak egy\u00e9ni v\u00e9lem\u00e9ny\u00fcnk lehet arr\u00f3l, hogy mennyire lehet sz\u0171k\u00e9ben a sz\u00f3l\u00e1s- \u00e9s v\u00e9lem\u00e9nyszabads\u00e1gnak, valamint a demokr\u00e1ci\u00e1nak az otthoni vil\u00e1g, ha egy rom\u00e1niai magyar lapban, az orb\u00e1ni Magyarorsz\u00e1g szomsz\u00e9ds\u00e1g\u00e1ban, megjelenhet egy ilyen kem\u00e9ny kijelent\u00e9s. Ezt d\u00f6nts\u00e9k el \u00d6n\u00f6k hazai berkekben \u2013 egym\u00e1s k\u00f6z\u00f6tt \u00e9s a magyar korm\u00e1nnyal.<\/p>\n<p>Arr\u00f3l viszont hat\u00e1rozott v\u00e9lem\u00e9ny\u00fcnk van, hogy Kanad\u00e1ban sz\u00f3 n\u00e9lk\u00fcl hagyjuk-e vagy sem azokat a r\u00e1galmaz\u00e1sokat, amelyeket egy erd\u00e9lyi lap jelentetett meg r\u00f3lunk, akiket egy\u00e9bk\u00e9nt nem ismer. R\u00e1ad\u00e1sul olyan egy\u00e9nek v\u00e9lem\u00e9ny\u00e9re hagyatkozva, akik a kanadai magyar szervezetek \u00e9let\u00e9b\u0151l kivonj\u00e1k magukat, egyetlen k\u00f6z\u00f6ss\u00e9gi esem\u00e9nyen vagy nemzeti \u00fcnnepen sem jelennek meg \u2013 azaz \u0151k sem ismernek minket! Ennek ellen\u00e9re \u00f6r\u00f6mmel r\u00e1galmazz\u00e1k a 65 (hatvan\u00f6t!) kanadai magyar szervezet \u00e1ltal alap\u00edtott erny\u0151szervezetet, a KMOSZ-t \u00e9s annak vezet\u0151s\u00e9g\u00e9t, n\u00e9v szerint az eln\u00f6k\u00f6t\u2026 \u00e9s z\u00fadul az \u00e1tok a t\u00f6bbi tiszts\u00e9gvisel\u0151re is. Akiket \u201ee k\u00f6z\u00f6ss\u00e9gb\u0151l v\u00e9tetett\u2026 n\u00e9h\u00e1ny\u201d zsigereiben gy\u0171l\u00f6l. Hogy mi\u00e9rt? Csak.<\/p>\n<p>De hogy m\u00e9g \u00d6n\u00f6k is! Ilyen mesterien, j\u00f3l kisz\u00e1m\u00edtott, de \u00f6v\u00f6n aluli \u00fct\u00e9ssel \u00edgy bel\u00e9nk v\u00e1gjanak \u00e9s \u00e9ppen Erd\u00e9lyb\u0151l?!<\/p>\n<p>A sz\u00e9kely auton\u00f3mi\u00e1\u00e9rt, az erd\u00e9lyi \u00fcgy\u00e9rt val\u00f3 eddigi ki\u00e1ll\u00e1sunk jog\u00e1n tiltakozunk az ilyen \u201et\u00e9nyfelt\u00e1r\u00f3\u201d irom\u00e1nyok ellen!<\/p>\n<p>Felk\u00e9rj\u00fck Izs\u00e1k Bal\u00e1zs urat, az SZNT eln\u00f6k\u00e9t, hogy emeljen sz\u00f3t az \u00fajs\u00e1gn\u00e1l e durva m\u00e9lt\u00e1nytalans\u00e1g ellen, mivel \u0151 bizonyos m\u00e9rt\u00e9kben hallott \u00e9s tud r\u00f3lunk, arr\u00f3l nem is besz\u00e9lve, hogy a kanadai magyars\u00e1g m\u00e1r \u00e9vtizedek \u00f3ta t\u00e1mogatja nemcsak a sz\u00e9kelys\u00e9g, hanem az elcsatolt ter\u00fcleteken \u00e9l\u0151 magyars\u00e1g k\u00f6vetel\u00e9seit is. De hadd maradjunk a Sz\u00e9kelyf\u00f6ld\u00f6n: tal\u00e1n nem \u00e9rdektelen megeml\u00edteni azokat a p\u00e9nzbeli adom\u00e1nyokat, amelyeket dolgos, szorgalmas emberek adtak \u00f6ssze \u2013 el\u00e9g, ha csak azt az \u00e9veken \u00e1t befolyt, mintegy 96,000 doll\u00e1rt eml\u00edtj\u00fck, ami Gazda Zolt\u00e1n elismerv\u00e9nyeivel is bizony\u00edthat\u00f3, \u00e9s ami semmik\u00e9ppen nem csup\u00e1n egy kiemelt fontoss\u00e1g\u00fa haver aj\u00e1nd\u00e9ka volt, hanem a kanadai magyar k\u00f6z\u00f6ss\u00e9g\u00e9 -, ak\u00e1rcsak B\u00f6jte Csaba el\u0151ad\u00f3k\u00f6r\u00fatj\u00e1hoz, Veress S\u00e1ndor k\u00f6nyvkiad\u00e1s\u00e1nak a k\u00f6lts\u00e9geihez val\u00f3 jelent\u0151s anyagi hozz\u00e1j\u00e1rul\u00e1s, vagy a k\u00e9zdiv\u00e1s\u00e1rhelyi pl\u00e9b\u00e1nia t\u00e1mogat\u00e1sa, az \u00e1rv\u00edzk\u00e1rosultak jav\u00e1ra szervezett gy\u0171jt\u00e9s. Akkor m\u00e9g nem is KMOSZ-tags\u00e1gk\u00e9nt, hanem csak nemzetben gondolkod\u00f3, otthoniakkal egy\u00fctt \u00e9rz\u0151 magyarokk\u00e9nt gy\u0171jt\u00f6gett\u00fcnk \u00e9s k\u00f6zben a vil\u00e1g el\u00e9 t\u00e1rtuk a sz\u00e9kelys\u00e9g probl\u00e9m\u00e1j\u00e1t.<\/p>\n<p>De, erny\u0151szervezett\u00e9 alakulva, a k\u00f6vetkez\u0151, t\u00f6rt\u00e9nelmi jelent\u0151s\u00e9g\u0171 eredm\u00e9nyt is felmutathatjuk:<\/p>\n<p>A Kanadai Magyarok Orsz\u00e1gos Sz\u00f6vets\u00e9ge (KMOSz) kezdem\u00e9nyez\u00e9s\u00e9re imm\u00e1r kanadai politikusok is megismerhett\u00e9k az erd\u00e9lyi magyars\u00e1got \u00e9rint\u0151 emberi jogi probl\u00e9m\u00e1kat, valamint a Sz\u00e9kely Auton\u00f3mia \u00fcgy\u00e9t. A kanadai parlament 2014 tavaszi \u00fcl\u00e9sszak\u00e1ban ugyanis a h\u00e1rom legnagyobb kanadai p\u00e1rt k\u00e9pvisel\u0151i, n\u00e9vszerint Paul Dewar (NDP), David McGunity (Liber\u00e1lis P\u00e1rt) \u00e9s Gordon O\u2019Connor (Konzervat\u00edv P\u00e1rt) k\u00e9pvisel\u0151k hivatalosan is beny\u00fajtott\u00e1k azt az ind\u00edtv\u00e1nyt, amelyben t\u00f6bb, mint 700 kanadai magyar arra k\u00e9ri a kanadai korm\u00e1nyt, hogy gyakoroljon nyom\u00e1st Rom\u00e1ni\u00e1ra az erd\u00e9lyi magyarok emberi jogainak gyakorlati \u00e9rv\u00e9nyes\u00edt\u00e9s\u00e9\u00e9rt.<\/p>\n<p>Ezzel p\u00e1rhuzamosan a Kanadai Magyarok Orsz\u00e1gos Sz\u00f6vets\u00e9ge orsz\u00e1gos jelleg\u0171, 11 kanadai v\u00e1rost \u00e9rint\u0151 filmvet\u00edt\u00e9st szervezett, amely sor\u00e1n Pet\u00e9nyi Katalin \u00e9s Kabay Barna \u201cSzigor\u00faan ellen\u0151rz\u00f6tt \u00e9letek\u201d c. dokumentumfilm-tril\u00f3gi\u00e1j\u00e1nak m\u00e1sodik r\u00e9sze ker\u00fclt levet\u00edt\u00e9sre a helyi magyar k\u00f6zpontokban. A filmbemutat\u00f3t n\u00e9gy helysz\u00ednen k\u00e9t hazai szak\u00e9rt\u0151, az ausztriai Linzb\u0151l \u00e9rkezett Dr. Vencser L\u00e1szl\u00f3 katolikus lelkip\u00e1sztor \u2013 akit maga M\u00e1rton \u00c1ron p\u00fcsp\u00f6k szentelt papp\u00e1, &#8211; valamint Varga Gabriella \u00fajs\u00e1g\u00edr\u00f3, a budapesti Jakab Antal Kereszt\u00e9ny K\u00f6r eln\u00f6ke \u00e9s a dokumentumfilm-tril\u00f3gia sajt\u00f3referense mutatott be.<\/p>\n<p>A Sz\u00e9kely Szabads\u00e1g Napj\u00e1n Marosv\u00e1s\u00e1rhelyre tervezett t\u00f6megmegmozdul\u00e1st t\u00e1mogatva a Kanadai Magyarok Orsz\u00e1gos Sz\u00f6vets\u00e9ge m\u00e1rcius 7-\u00e9n Ottaw\u00e1ban felvonul\u00e1st szervezett, amelyen a metsz\u0151 t\u00e9li hideg ellen\u00e9re a t\u00fcntet\u0151k az emberi jogok kanadai eml\u00e9km\u0171v\u00e9t\u0151l a kanadai sz\u00f6vets\u00e9gi parlamentig vonultak. Mindk\u00e9t helysz\u00ednen Dr. Vencser L\u00e1szl\u00f3 atya mondott im\u00e1t, a Parlament el\u0151tt pedig felolvastuk a m\u00e1r beny\u00fajtott beadv\u00e1ny sz\u00f6veg\u00e9t a Sz\u00e9kely Nemzeti Tan\u00e1cs felh\u00edv\u00e1sa a vil\u00e1g k\u00f6zv\u00e9lem\u00e9ny\u00e9hez c\u00edmmel, valamint David Kilgour volt parlamenti k\u00e9pvisel\u0151 \u00e9s Paul Dewar k\u00e9pvisel\u0151 \u00fcdv\u00f6zl\u0151 sorait. A felvonul\u00f3 t\u00f6megben ott volt a kanadai ukr\u00e1nok k\u00e9pvisel\u0151je is, szolidartit\u00e1st v\u00e1llalva az erd\u00e9lyi magyars\u00e1g \u00fcgy\u00e9vel, al\u00e1\u00edr\u00e1s\u00e1val is t\u00e1mogatva a KMOSz beadv\u00e1ny\u00e1t. A t\u00fcntet\u00e9sr\u0151l az angol nyelv\u0171 m\u00e9dia is megeml\u00e9kezett. Mindezen tettek kr\u00f3nik\u00e1ja megtal\u00e1lhat\u00f3 a weboldalunkon (www.kmosz.ca), amelyet B\u00e1lint-Pataki J\u00f3zsef is k\u00f6nnyed\u00e9n megtal\u00e1lhatott volna.<\/p>\n<p>Nincs viszont nyoma annak a vil\u00e1gh\u00e1l\u00f3n (mi legal\u00e1bbis nem talal\u00e1ljuk), hogy a B\u00e1lint-Pataki J\u00f3zsef \u00e1ltal felmagasztalt G\u00f6llner Andr\u00e1s \u00e9s Christopher Adam b\u00e1rmit is tettek volna az erd\u00e9lyi magyars\u00e1g\u00e9rt. Vagy ak\u00e1r csak a kanadai magyar szervezetek fenntart\u00e1s\u00e1\u00e9rt. Pedig elkelne az \u00f6nk\u00e9ntes munka\u2026 Ennek ellen\u00e9re az \u00d6n\u00f6k \u00fajs\u00e1g\u00edr\u00f3ja a p\u00e1rtpolitikai motiv\u00e1ci\u00f3t\u00f3l hajtott \u201cn\u00e9h\u00e1nyat\u201d magasztalja fel, m\u00edg az erd\u00e9lyiek\u00e9rt oly sokat tev\u0151 kanadai magyar szervezeteket \u00e9s az ezek legt\u00f6bbj\u00e9t t\u00f6m\u00f6r\u00edt\u0151 erny\u0151szervezetet, a KMOSz-t ostorozza.<\/p>\n<p>Tiszelt F\u0151szerkeszt\u0151 \u00dar!<\/p>\n<p>B\u00e1lint-Pataki J\u00f3zsef \u00edr\u00e1sa nem m\u00e1s, mint a kanadai magyar diaszp\u00f3ra legnagyobb, p\u00e1rtpolitik\u00e1t\u00f3l mentes, akt\u00edv erny\u0151szervezet\u00e9nek, a KMOSZ-nak a szubjekt\u00edv, front\u00e1lis t\u00e1mad\u00e1sa. Ez az \u00edr\u00e1s \u00fagy hat a nemzeti \u00f6sszetartoz\u00e1s eszm\u00e9j\u00e9t vall\u00f3, identit\u00e1sunkhoz, nemzeti kult\u00far\u00e1nkhoz s az anyanyelv\u00fcnkh\u00f6z ragaszkod\u00f3 honfit\u00e1rsainkra, mint ama sz\u00e9gyenteljes december 5-i n\u00e9pszavaz\u00e1s!<\/p>\n<p>\u00d6n\u00f6k, erd\u00e9lyi testv\u00e9reinknek hitt magyarok olyan \u00fcgyek melletti ki\u00e1ll\u00e1sunkat cs\u00fafolt\u00e1k meg, amit eddig itt, a kanadai magyar szervezetekben mindenki l\u00e9tfontoss\u00e1g\u00fanak hitt, de a B\u00e1lint-Pataki-f\u00e9le szenz\u00e1ci\u00f3kelt\u00e9s meg\u00e9lhet\u00e9si hecckamp\u00e1ny szintj\u00e9re s\u00fcllyesztett.<\/p>\n<p>Egyszer s mindenkorra kik\u00e9rj\u00fck magunknak az otthonr\u00f3l ide \u00e9s vissza manipul\u00e1lt nemzeti egys\u00e9g bomlaszt\u00e1s\u00e1t, a magyars\u00e1g k\u00fclf\u00f6ldi tekint\u00e9ly\u00e9nek a bemocskol\u00e1s\u00e1t.<\/p>\n<p>Tisztelettel,<\/p>\n<p>A Kanadai Magyarok Orsz\u00e1gos Sz\u00f6vets\u00e9ge 16-tag\u00fa eln\u00f6ks\u00e9ge<\/p>\n","protected":false},"excerpt":{"rendered":"<p>Tisztelt F\u0151szerkeszt\u0151 \u00dar! A Maszol &#8211; \u00daj Magyar Sz\u00f3 online oldalain 2015. janu\u00e1r 21-\u00e9n \u201eEgy h\u00e9t magyars\u00e1gpolitikai \u00edr\u00e1saib\u00f3l (janu\u00e1r 14-20.)\u201d rovatban jelent meg B\u00e1lint-Pataki J\u00f3zsefnek a legnagyobb magyar gondolataival ind\u00edtott, hossz\u00fa eszmefuttat\u00e1sa, miszerint \u201eKanad\u00e1ban ma is igaz Sz\u00e9chenyi mond\u00e1sa: \u201eA magyar legnagyobb ellens\u00e9ge a magyar.\u201d B\u00e1lint-Pataki \u00far fogalmazv\u00e1ny\u00e1b\u00f3l azt olvassuk ki, hogy olyan t\u00e9m\u00e1ban m\u00e1rtogatta &hellip; <a href=\"http:\/\/kmosz-nahc.ca\/hu\/nyilt-level-az-uj-magyar-szo-foszerkesztojehez\/\" class=\"more-link\"><span class=\"screen-reader-text\">&#8222;Ny\u00edlt lev\u00e9l az \u00daj Magyar Sz\u00f3 f\u0151szerkeszt\u0151j\u00e9hez&#8221;<\/span> b\u0151vebben<\/a><\/p>\n","protected":false},"author":1,"featured_media":0,"comment_status":"closed","ping_status":"closed","sticky":false,"template":"","format":"standard","meta":[],"categories":[6],"tags":[],"_links":{"self":[{"href":"http:\/\/kmosz-nahc.ca\/hu\/wp-json\/wp\/v2\/posts\/127"}],"collection":[{"href":"http:\/\/kmosz-nahc.ca\/hu\/wp-json\/wp\/v2\/posts"}],"about":[{"href":"http:\/\/kmosz-nahc.ca\/hu\/wp-json\/wp\/v2\/types\/post"}],"author":[{"embeddable":true,"href":"http:\/\/kmosz-nahc.ca\/hu\/wp-json\/wp\/v2\/users\/1"}],"replies":[{"embeddable":true,"href":"http:\/\/kmosz-nahc.ca\/hu\/wp-json\/wp\/v2\/comments?post=127"}],"version-history":[{"count":0,"href":"http:\/\/kmosz-nahc.ca\/hu\/wp-json\/wp\/v2\/posts\/127\/revisions"}],"wp:attachment":[{"href":"http:\/\/kmosz-nahc.ca\/hu\/wp-json\/wp\/v2\/media?parent=127"}],"wp:term":[{"taxonomy":"category","embeddable":true,"href":"http:\/\/kmosz-nahc.ca\/hu\/wp-json\/wp\/v2\/categories?post=127"},{"taxonomy":"post_tag","embeddable":true,"href":"http:\/\/kmosz-nahc.ca\/hu\/wp-json\/wp\/v2\/tags?post=127"}],"curies":[{"name":"wp","href":"https:\/\/api.w.org\/{rel}","templated":true}]}}