{"id":126,"date":"2014-12-17T00:00:00","date_gmt":"2014-12-17T05:00:00","guid":{"rendered":"http:\/\/kmosz-nahc.ca\/hu\/?p=126"},"modified":"2014-12-17T00:00:00","modified_gmt":"2014-12-17T05:00:00","slug":"a-kmosz-nyilt-levele-a-the-globe-and-mail-szerkesztosegehez","status":"publish","type":"post","link":"http:\/\/kmosz-nahc.ca\/hu\/a-kmosz-nyilt-levele-a-the-globe-and-mail-szerkesztosegehez\/","title":{"rendered":"A KMOSZ ny\u00edlt levele a The Globe and Mail szerkeszt\u0151s\u00e9g\u00e9hez"},"content":{"rendered":"<p>Kanada egyik v\u00e9lem\u00e9nyform\u00e1l\u00f3 napilapja, a toront\u00f3i The Globe and Mail, 2014. december 14-\u00e9n \u00e9s 15-\u00e9n k\u00e9t Magyarorsz\u00e1gr\u00f3l sz\u00f3l\u00f3 cikket is megjelentetett, amelyek sajnos t\u00f6bb pontatlan \u00e1ll\u00edt\u00e1st, alaptalan k\u00f6vetkeztet\u00e9st tartalmaztak. A Kanadai Magyarok Orsz\u00e1gos Sz\u00f6vets\u00e9ge t\u00e9nyekkel al\u00e1t\u00e1masztott olvas\u00f3i lev\u00e9lben k\u00e9rte ezek helyreigaz\u00edt\u00e1s\u00e1t. A The Globe and Mail f\u0151szerkeszt\u0151j\u00e9nek elk\u00fcld\u00f6tt teljes levelet, valamint az omin\u00f3zus cikkekre a linkeket az al\u00e1bbi nyelvv\u00e1lt\u00f3 gombbal \u00e9rheti el.<\/p>\n","protected":false},"excerpt":{"rendered":"<p>Kanada egyik v\u00e9lem\u00e9nyform\u00e1l\u00f3 napilapja, a toront\u00f3i The Globe and Mail, 2014. december 14-\u00e9n \u00e9s 15-\u00e9n k\u00e9t Magyarorsz\u00e1gr\u00f3l sz\u00f3l\u00f3 cikket is megjelentetett, amelyek sajnos t\u00f6bb pontatlan \u00e1ll\u00edt\u00e1st, alaptalan k\u00f6vetkeztet\u00e9st tartalmaztak. A Kanadai Magyarok Orsz\u00e1gos Sz\u00f6vets\u00e9ge t\u00e9nyekkel al\u00e1t\u00e1masztott olvas\u00f3i lev\u00e9lben k\u00e9rte ezek helyreigaz\u00edt\u00e1s\u00e1t. A The Globe and Mail f\u0151szerkeszt\u0151j\u00e9nek elk\u00fcld\u00f6tt teljes levelet, valamint az omin\u00f3zus cikkekre a &hellip; <a href=\"http:\/\/kmosz-nahc.ca\/hu\/a-kmosz-nyilt-levele-a-the-globe-and-mail-szerkesztosegehez\/\" class=\"more-link\"><span class=\"screen-reader-text\">&#8222;A KMOSZ ny\u00edlt levele a The Globe and Mail szerkeszt\u0151s\u00e9g\u00e9hez&#8221;<\/span> b\u0151vebben<\/a><\/p>\n","protected":false},"author":1,"featured_media":0,"comment_status":"closed","ping_status":"closed","sticky":false,"template":"","format":"standard","meta":[],"categories":[6],"tags":[],"_links":{"self":[{"href":"http:\/\/kmosz-nahc.ca\/hu\/wp-json\/wp\/v2\/posts\/126"}],"collection":[{"href":"http:\/\/kmosz-nahc.ca\/hu\/wp-json\/wp\/v2\/posts"}],"about":[{"href":"http:\/\/kmosz-nahc.ca\/hu\/wp-json\/wp\/v2\/types\/post"}],"author":[{"embeddable":true,"href":"http:\/\/kmosz-nahc.ca\/hu\/wp-json\/wp\/v2\/users\/1"}],"replies":[{"embeddable":true,"href":"http:\/\/kmosz-nahc.ca\/hu\/wp-json\/wp\/v2\/comments?post=126"}],"version-history":[{"count":0,"href":"http:\/\/kmosz-nahc.ca\/hu\/wp-json\/wp\/v2\/posts\/126\/revisions"}],"wp:attachment":[{"href":"http:\/\/kmosz-nahc.ca\/hu\/wp-json\/wp\/v2\/media?parent=126"}],"wp:term":[{"taxonomy":"category","embeddable":true,"href":"http:\/\/kmosz-nahc.ca\/hu\/wp-json\/wp\/v2\/categories?post=126"},{"taxonomy":"post_tag","embeddable":true,"href":"http:\/\/kmosz-nahc.ca\/hu\/wp-json\/wp\/v2\/tags?post=126"}],"curies":[{"name":"wp","href":"https:\/\/api.w.org\/{rel}","templated":true}]}}