{"id":117,"date":"2013-11-25T00:00:00","date_gmt":"2013-11-25T05:00:00","guid":{"rendered":"http:\/\/kmosz-nahc.ca\/hu\/?p=117"},"modified":"2013-11-25T00:00:00","modified_gmt":"2013-11-25T05:00:00","slug":"magyar-allami-nepi-egyuttes","status":"publish","type":"post","link":"http:\/\/kmosz-nahc.ca\/hu\/magyar-allami-nepi-egyuttes\/","title":{"rendered":"Magyar \u00c1llami N\u00e9pi Egy\u00fcttes"},"content":{"rendered":"<p><figure style=\"width: 250px\" class=\"wp-caption alignleft\"><a href=\"\/anyag\/rendezveny\/2013\/20131125-MANE-1.jpg\"><img decoding=\"async\" loading=\"lazy\" src=\"\/anyag\/rendezveny\/2013\/20131125-MANE-1.jpg\" alt=\"Magyar \u00c1llami N\u00e9pi Egy\u00fcttes\" width=\"250\" height=\"250\"><\/a><figcaption class=\"wp-caption-text\">Magyar \u00c1llami N\u00e9pi Egy\u00fcttes<\/figcaption><\/figure>Az 1951-ben alap\u00edtott Magyar \u00c1llami N\u00e9pi Egy\u00fcttes az elm\u00falt hat \u00e9vtizedben a folkl\u00f3rb\u00f3l kisarjad\u00f3, abb\u00f3l inspir\u00e1ci\u00f3t nyer\u0151 sz\u00ednpadi n\u00e9pt\u00e1ncm\u0171v\u00e9szet egyik emblematikus m\u0171helyek\u00e9nt v\u00e1lt ismertt\u00e9 \u00e9s vil\u00e1gh\u00edr\u0171v\u00e9. Szellemis\u00e9ge, kisug\u00e1rz\u00f3 ereje a kezdetekt\u0151l meghat\u00e1roz\u00f3 volt. Az itt alkotott m\u0171vek k\u00f6z\u00fcl j\u00f3 n\u00e9h\u00e1ny az egyetemes magyar kult\u00fara legf\u00e9nyesebb lapjaira \u00edr\u00f3dott.<\/p>\n<p>A Magyar \u00c1llami N\u00e9pi Egy\u00fcttes \u00e9szak-amerikai turn\u00e9ja sor\u00e1n 3 kanadai v\u00e1rosban l\u00e9p fel 2013 november 25-27 k\u00f6z\u00f6tt. A kanadai fell\u00e9p\u00e9ssorozatot a toront\u00f3i sz\u00e9khely\u0171 <a title=\"\" href=\"http:\/\/www.glatzconcerts.com\/\" target=\"_blank\">Attila Glatz Concert Productions<\/a> szervezi. A Kanadai Magyarok Orsz\u00e1gos Sz\u00f6vets\u00e9ge egy\u00fcttm\u0171k\u00f6dik e produkci\u00f3 n\u00e9pszer\u0171s\u00edt\u00e9s\u00e9ben.<figure style=\"width: 250px\" class=\"wp-caption alignright\"><a href=\"\/anyag\/rendezveny\/2013\/20131125-MANE-2.jpg\"><img decoding=\"async\" loading=\"lazy\" src=\"\/anyag\/rendezveny\/2013\/20131125-MANE-2.jpg\" alt=\"Magyar \u00c1llami N\u00e9pi Egy\u00fcttes\" width=\"250\" height=\"250\"><\/a><figcaption class=\"wp-caption-text\">Magyar \u00c1llami N\u00e9pi Egy\u00fcttes<\/figcaption><\/figure><\/p>\n<h2>Helysz\u00ednek \u00e9s jegyel\u0151v\u00e9tel<\/h2>\n<ul>\n<li><strong>nov. 25: Toronto<\/strong>Helysz\u00edn: Roy Thomson Hall, 60 Simcoe St., Toronto, ON M5J 2H5. Kezd\u00e9s: este 8 \u00f3ra. Jegyek: $39.50 &#8211; $69.50. Jegyel\u0151v\u00e9tel: 416-872-4255<a title=\"\" href=\"http:\/\/www.roythomson.com\/\" target=\"_blank\">www.roythomson.com<\/a><\/li>\n<li><strong>nov. 26.: Montr\u00e9al<\/strong>Helysz\u00edn: Salle Wilfride PelletierLes Place des Arts, 175 Sainte-Catherine Street, West Montr\u00e9al, QC H2X 1Y9. Kezd\u00e9s: este 8 \u00f3ra. Jegyek: $39.50 &#8211; $69.50. Jegyel\u0151v\u00e9tel: 1-866-842-2112<a title=\"\" href=\"http:\/\/www.laplacedesarts.com\/\" target=\"_blank\">laplacedesarts.com<\/a><\/li>\n<li><strong>nov. 27.: Ottawa<\/strong>Helysz\u00edn: Algonquin Commons Theatre, 1385 Woodroffe Ave., Ottawa, ON K2G 1V8. Kezd\u00e9s: este 8 \u00f3ra. Jegyek: $49.50 &#8211; $59.50. Jegyel\u0151v\u00e9tel: 1-855-985-ARTS (2787)<a title=\"\" href=\"http:\/\/www.ticketmaster.ca\/\" target=\"_blank\">www.ticketmaster.ca<\/a><\/li>\n<\/ul>\n<p> <iframe loading=\"lazy\" width=\"840\" height=\"630\" src=\"https:\/\/www.youtube.com\/embed\/USiZA-xaaAQ?feature=oembed\" frameborder=\"0\" allow=\"accelerometer; autoplay; encrypted-media; gyroscope; picture-in-picture\" allowfullscreen><\/iframe><\/p>\n","protected":false},"excerpt":{"rendered":"<p>Az 1951-ben alap\u00edtott Magyar \u00c1llami N\u00e9pi Egy\u00fcttes az elm\u00falt hat \u00e9vtizedben a folkl\u00f3rb\u00f3l kisarjad\u00f3, abb\u00f3l inspir\u00e1ci\u00f3t nyer\u0151 sz\u00ednpadi n\u00e9pt\u00e1ncm\u0171v\u00e9szet egyik emblematikus m\u0171helyek\u00e9nt v\u00e1lt ismertt\u00e9 \u00e9s vil\u00e1gh\u00edr\u0171v\u00e9. Szellemis\u00e9ge, kisug\u00e1rz\u00f3 ereje a kezdetekt\u0151l meghat\u00e1roz\u00f3 volt. Az itt alkotott m\u0171vek k\u00f6z\u00fcl j\u00f3 n\u00e9h\u00e1ny az egyetemes magyar kult\u00fara legf\u00e9nyesebb lapjaira \u00edr\u00f3dott. A Magyar \u00c1llami N\u00e9pi Egy\u00fcttes \u00e9szak-amerikai turn\u00e9ja sor\u00e1n &hellip; <a href=\"http:\/\/kmosz-nahc.ca\/hu\/magyar-allami-nepi-egyuttes\/\" class=\"more-link\"><span class=\"screen-reader-text\">&#8222;Magyar \u00c1llami N\u00e9pi Egy\u00fcttes&#8221;<\/span> b\u0151vebben<\/a><\/p>\n","protected":false},"author":1,"featured_media":0,"comment_status":"closed","ping_status":"closed","sticky":false,"template":"","format":"standard","meta":[],"categories":[3],"tags":[],"_links":{"self":[{"href":"http:\/\/kmosz-nahc.ca\/hu\/wp-json\/wp\/v2\/posts\/117"}],"collection":[{"href":"http:\/\/kmosz-nahc.ca\/hu\/wp-json\/wp\/v2\/posts"}],"about":[{"href":"http:\/\/kmosz-nahc.ca\/hu\/wp-json\/wp\/v2\/types\/post"}],"author":[{"embeddable":true,"href":"http:\/\/kmosz-nahc.ca\/hu\/wp-json\/wp\/v2\/users\/1"}],"replies":[{"embeddable":true,"href":"http:\/\/kmosz-nahc.ca\/hu\/wp-json\/wp\/v2\/comments?post=117"}],"version-history":[{"count":0,"href":"http:\/\/kmosz-nahc.ca\/hu\/wp-json\/wp\/v2\/posts\/117\/revisions"}],"wp:attachment":[{"href":"http:\/\/kmosz-nahc.ca\/hu\/wp-json\/wp\/v2\/media?parent=117"}],"wp:term":[{"taxonomy":"category","embeddable":true,"href":"http:\/\/kmosz-nahc.ca\/hu\/wp-json\/wp\/v2\/categories?post=117"},{"taxonomy":"post_tag","embeddable":true,"href":"http:\/\/kmosz-nahc.ca\/hu\/wp-json\/wp\/v2\/tags?post=117"}],"curies":[{"name":"wp","href":"https:\/\/api.w.org\/{rel}","templated":true}]}}