{"id":113,"date":"2013-10-28T00:00:00","date_gmt":"2013-10-28T05:00:00","guid":{"rendered":"http:\/\/kmosz-nahc.ca\/hu\/?p=113"},"modified":"2013-10-28T00:00:00","modified_gmt":"2013-10-28T05:00:00","slug":"ader-janos-elnok-kanadaban-mindennel-szorosabb-kotelek-ez","status":"publish","type":"post","link":"http:\/\/kmosz-nahc.ca\/hu\/ader-janos-elnok-kanadaban-mindennel-szorosabb-kotelek-ez\/","title":{"rendered":"\u00c1der J\u00e1nos eln\u00f6k Kanad\u00e1ban: &#8222;Mindenn\u00e9l szorosabb k\u00f6tel\u00e9k ez&#8230;&#8221;"},"content":{"rendered":"<p>A Kanadai Magyarok Orsz\u00e1gos Sz\u00f6vets\u00e9ge (KMOSz) megh\u00edv\u00e1s\u00e1ra \u00c1der J\u00e1nos, Magyarorsz\u00e1g k\u00f6zt\u00e1rsas\u00e1gi eln\u00f6ke Kanad\u00e1ba \u00e9rkezett a kanadai magyars\u00e1ggal val\u00f3 tal\u00e1lkoz\u00e1sra. Szerd\u00e1n, okt\u00f3ber 23-\u00e1n Toront\u00f3ban, okt\u00f3ber 29-\u00e9n pedig Vancouverben vett r\u00e9szt az 1956-os forradalomra val\u00f3 megeml\u00e9lez\u00e9seken. <figure style=\"width: 250px\" class=\"wp-caption alignleft\"><img decoding=\"async\" loading=\"lazy\" class=\"\" src=\"\/anyag\/hir\/2013\/20131028-AderJanos.jpg\" alt=\"\" width=\"250\" height=\"250\"><figcaption class=\"wp-caption-text\">Fot\u00f3: Bruz\u00e1k No\u00e9mi\/MTI<\/figcaption><\/figure> \u00c1der J\u00e1nos k\u00f6zt\u00e1rsas\u00e1gi eln\u00f6k okt\u00f3ber 23-\u00e1n d\u00e9lut\u00e1n el\u0151bb a toront\u00f3i Budapest Parkban tal\u00e1lhat\u00f3 &#8217;56-os eml\u00e9km\u0171n\u00e9l koszor\u00fazott, majd este r\u00e9szt vett a toront\u00f3i \u00c1rp\u00e1d-h\u00e1zi Szent Erzs\u00e9bet Magyar Katolikus Templomban rendezett \u00e1llampolg\u00e1rs\u00e1gi esk\u00fct\u00e9telen \u00e9s \u00fcnnepi megeml\u00e9kez\u00e9sen, amely a toront\u00f3i magyar szervezetek \u00e9s a KMOSz k\u00f6z\u00f6s rendezv\u00e9nyek\u00e9nt j\u00f6tt l\u00e9tre.<\/p>\n<p>A magyar szabads\u00e1g \u00fcgye mindenn\u00e9l szorosabb k\u00f6tel\u00e9k a nemzethez tartoz\u00f3k k\u00f6z\u00f6tt, \u00e9s az \u00faj \u00e9vezred szabad Magyarorsz\u00e1ga sz\u00e1m\u00edt a vil\u00e1gmagyars\u00e1gra \u2013 hangoztatta \u00c1der J\u00e1nos k\u00f6zt\u00e1rsas\u00e1gi eln\u00f6k az 1956-os forradalom \u00e9vfordul\u00f3j\u00e1n helyi id\u0151 szerda este, a toront\u00f3i \u00c1rp\u00e1d-h\u00e1zi Szent Erzs\u00e9bet Magyar Katolikus Templomban elmondott \u00fcnnepi besz\u00e9d\u00e9ben.<\/p>\n<p>Az \u00fcnneps\u00e9gen r\u00e9szt vev\u0151 hatsz\u00e1z ember el\u0151tt r\u00e1mutatott, hogy az \u201956-os forradalom h\u0151sei, tan\u00fai, szabads\u00e1gharcosai k\u00f6z\u00fcl sokan \u00e9ppen Toront\u00f3ban leltek mened\u00e9kre. A k\u00f6zt\u00e1rsas\u00e1gi eln\u00f6k k\u00f6sz\u00f6netet mondott a befogad\u00f3 orsz\u00e1goknak, k\u00f6zt\u00fck Kanad\u00e1nak is, amely \u201eaz \u00faj \u00e9let rem\u00e9ny\u00e9t \u00e9s a szabads\u00e1g f\u00f6ldj\u00e9t jelentette a szabads\u00e1g nemzet\u00e9hez tartoz\u00f3knak\u201d.Szavai szerint Magyarorsz\u00e1g ugyanilyen h\u00e1l\u00e1val \u00e9s k\u00f6sz\u00f6nettel tartozik az 1956-os forradalom h\u0151seinek is, mindazoknak, akik \u00e9let\u00fcket is k\u00e9szek voltak fel\u00e1ldozni az\u00e9rt, hogy nemzet\u00fcnk ism\u00e9t szabad lehessen. \u201eSzabads\u00e1gszeretet\u00fcknek jelent\u0151s szerepe van abban, hogy a kor\u00e1bban kett\u00e9osztott vil\u00e1g ism\u00e9t egyes\u00fclhetett. Mindabban, hogy a szabads\u00e1g \u00fcgye, a haz\u00e1nk szabads\u00e1g\u00e1hoz val\u00f3 h\u0171s\u00e9g\u00fcnk ism\u00e9t \u00f6sszek\u00f6thessen benn\u00fcnket\u201d \u2013 fogalmazott.\u201eA magyar szabads\u00e1g \u00fcgye mindenn\u00e9l szorosabb k\u00f6tel\u00e9k a magyar nemzethez tartoz\u00f3k k\u00f6z\u00f6tt, \u00e9lj\u00fcnk b\u00e1r az anyaorsz\u00e1gban vagy b\u00e1rmely m\u00e1s t\u00e1j\u00e1n sz\u00e9les e vil\u00e1gnak; \u00e9s ez az, ami mindenn\u00e9l szorosabban \u00f6sszek\u00f6ti orsz\u00e1gainkat is\u201d \u2013 jelentette ki az \u00e1llamf\u0151, aki az \u00fcnnep\u00e9lyt megel\u0151z\u0151en 71 \u00faj magyar \u00e1llampolg\u00e1r esk\u00fcj\u00e9n vett r\u00e9szt.<figure style=\"width: 250px\" class=\"wp-caption alignnone\"><img decoding=\"async\" loading=\"lazy\" class=\"\" src=\"\/anyag\/hir\/2013\/20131028-AderJanos-2.jpg\" alt=\"\" width=\"250\" height=\"250\"><figcaption class=\"wp-caption-text\">Fot\u00f3: Bruz\u00e1k No\u00e9mi\/MTI<\/figcaption><\/figure> <strong><u>\u00c1der ezerre emelte<\/u><\/strong> A szerdai megeml\u00e9kez\u00e9ssel egy\u00fctt eddig imm\u00e1r t\u00f6bb mint ezren vett\u00e9k fel a magyar \u00e1llampolg\u00e1rs\u00e1got Kanad\u00e1ban. \u201eAz \u00faj \u00e9vezred szabad Magyarorsz\u00e1ga sz\u00e1m\u00edt \u00f6n\u00f6kre. A t\u00e1vols\u00e1g ma m\u00e1r mind kisebb akad\u00e1ly ebben, mint ahogy ma m\u00e1r nincs akad\u00e1lya az \u00e1llampolg\u00e1rs\u00e1g \u00faj vagy ism\u00e9telt felv\u00e9tel\u00e9nek sem. Magyarorsz\u00e1g \u00e1llamf\u0151jek\u00e9nt megtisztel\u0151 sz\u00e1momra, hogy a mai napon egy olyan \u00fcnnep r\u00e9szese lehetek, amelyen sokan \u00f6n\u00f6k k\u00f6z\u00fcl \u00e1llampolg\u00e1ri esk\u00fcvel \u00fcnneplik a magyar forradalom \u00e9vfordul\u00f3j\u00e1t\u201d \u2013 mondta az k\u00f6zt\u00e1rsas\u00e1gi eln\u00f6k.<\/p>\n<p>\u00c1der J\u00e1nos m\u00e9ltatta a kanadai magyarok ragaszkod\u00e1s\u00e1t a k\u00f6z\u00f6s gy\u00f6kerekhez, nyelvhez \u00e9s kult\u00far\u00e1hoz. \u201eAz id\u0151 az \u00f6n\u00f6k h\u0171s\u00e9g\u00e9t igazolta. Igazuk volt, igazuk lett. \u00c9s igazuk van abban is, ha tov\u00e1bbra is azt keresik, ami k\u00e9pes egybeforrasztani mindazt, amit a t\u00f6rt\u00e9nelem sz\u00e9tv\u00e1lasztott\u201d \u2013 hangoztatta.<\/p>\n<p>Az \u00fcnneps\u00e9gen felolvast\u00e1k Stephen J. Harper kanadai minisztereln\u00f6knek a Kanadai Magyarok Orsz\u00e1gos Sz\u00f6vets\u00e9ge (KMOSz) tagszervezeteihez, a kanadai magyars\u00e1ghoz valamint \u00c1der J\u00e1noshoz az 1956-os \u00e9vfordul\u00f3 alkalm\u00e1b\u00f3l int\u00e9zett \u00fcdv\u00f6zlet\u00e9t.<\/p>\n<p>\u00c1der J\u00e1nost a KMOSZ h\u00edvta meg Kanad\u00e1ba \u00e9s az \u00fcnneps\u00e9g keret\u00e9ben fell\u00e9ptek Toront\u00f3n k\u00edv\u00fcli el\u0151ad\u00f3k is, mint pl. az Ottawai Magyar K\u00f3rus, valamint Finta G\u00e1bor zeneszerz\u0151 \u00e9s Palencs\u00e1r Edit zongoram\u0171v\u00e9sz <em>(Magyar Nemzet, KMOSz).<\/em><a href=\"\/anyag\/hir\/2013\/20131028-Harper_udvozlet.jpg\"><img decoding=\"async\" loading=\"lazy\" class=\"alignnone\" src=\"\/anyag\/hir\/2013\/20131028-Harper_udvozlet.jpg\" alt=\"\" width=\"250\" height=\"250\"><\/a><\/p>\n","protected":false},"excerpt":{"rendered":"<p>A Kanadai Magyarok Orsz\u00e1gos Sz\u00f6vets\u00e9ge (KMOSz) megh\u00edv\u00e1s\u00e1ra \u00c1der J\u00e1nos, Magyarorsz\u00e1g k\u00f6zt\u00e1rsas\u00e1gi eln\u00f6ke Kanad\u00e1ba \u00e9rkezett a kanadai magyars\u00e1ggal val\u00f3 tal\u00e1lkoz\u00e1sra. Szerd\u00e1n, okt\u00f3ber 23-\u00e1n Toront\u00f3ban, okt\u00f3ber 29-\u00e9n pedig Vancouverben vett r\u00e9szt az 1956-os forradalomra val\u00f3 megeml\u00e9lez\u00e9seken. \u00c1der J\u00e1nos k\u00f6zt\u00e1rsas\u00e1gi eln\u00f6k okt\u00f3ber 23-\u00e1n d\u00e9lut\u00e1n el\u0151bb a toront\u00f3i Budapest Parkban tal\u00e1lhat\u00f3 &#8217;56-os eml\u00e9km\u0171n\u00e9l koszor\u00fazott, majd este r\u00e9szt vett a &hellip; <a href=\"http:\/\/kmosz-nahc.ca\/hu\/ader-janos-elnok-kanadaban-mindennel-szorosabb-kotelek-ez\/\" class=\"more-link\"><span class=\"screen-reader-text\">&#8222;\u00c1der J\u00e1nos eln\u00f6k Kanad\u00e1ban: &#8222;Mindenn\u00e9l szorosabb k\u00f6tel\u00e9k ez&#8230;&#8221;&#8221;<\/span> b\u0151vebben<\/a><\/p>\n","protected":false},"author":1,"featured_media":0,"comment_status":"closed","ping_status":"closed","sticky":false,"template":"","format":"standard","meta":[],"categories":[3],"tags":[],"_links":{"self":[{"href":"http:\/\/kmosz-nahc.ca\/hu\/wp-json\/wp\/v2\/posts\/113"}],"collection":[{"href":"http:\/\/kmosz-nahc.ca\/hu\/wp-json\/wp\/v2\/posts"}],"about":[{"href":"http:\/\/kmosz-nahc.ca\/hu\/wp-json\/wp\/v2\/types\/post"}],"author":[{"embeddable":true,"href":"http:\/\/kmosz-nahc.ca\/hu\/wp-json\/wp\/v2\/users\/1"}],"replies":[{"embeddable":true,"href":"http:\/\/kmosz-nahc.ca\/hu\/wp-json\/wp\/v2\/comments?post=113"}],"version-history":[{"count":0,"href":"http:\/\/kmosz-nahc.ca\/hu\/wp-json\/wp\/v2\/posts\/113\/revisions"}],"wp:attachment":[{"href":"http:\/\/kmosz-nahc.ca\/hu\/wp-json\/wp\/v2\/media?parent=113"}],"wp:term":[{"taxonomy":"category","embeddable":true,"href":"http:\/\/kmosz-nahc.ca\/hu\/wp-json\/wp\/v2\/categories?post=113"},{"taxonomy":"post_tag","embeddable":true,"href":"http:\/\/kmosz-nahc.ca\/hu\/wp-json\/wp\/v2\/tags?post=113"}],"curies":[{"name":"wp","href":"https:\/\/api.w.org\/{rel}","templated":true}]}}