{"id":109,"date":"2013-09-07T00:00:00","date_gmt":"2013-09-07T05:00:00","guid":{"rendered":"http:\/\/kmosz-nahc.ca\/hu\/?p=109"},"modified":"2013-09-07T00:00:00","modified_gmt":"2013-09-07T05:00:00","slug":"barta-alfonz-es-laszlo-attila-kanadai-turneja","status":"publish","type":"post","link":"http:\/\/kmosz-nahc.ca\/hu\/barta-alfonz-es-laszlo-attila-kanadai-turneja\/","title":{"rendered":"Barta Alfonz \u00e9s L\u00e1szl\u00f3 Attila kanadai turn\u00e9ja"},"content":{"rendered":"<p><img decoding=\"async\" loading=\"lazy\" class=\"alignright\" src=\"\/anyag\/rendezveny\/2013\/20130907-Barta-Laszlo.jpg\" alt=\"plak\u00e1t\" width=\"250\" height=\"250\"><strong>L\u00e1szl\u00f3 Attila<\/strong> 17 \u00e9ves \u00e9nekes, el\u0151ad\u00f3, a sz\u00e9kelyf\u00f6ldi K\u00e9zdiv\u00e1s\u00e1rhely sz\u00fcl\u00f6tte. Mind\u00f6ssze 14 \u00e9ves volt, amikor 2011-ben megnyerte a magyarorsz\u00e1gi Csillag Sz\u00fcletik telev\u00edzi\u00f3s tehets\u00e9gkutat\u00f3 versenyt, s egy csap\u00e1sra orsz\u00e1gos ismerts\u00e9gre tett szert.<\/p>\n<p>M\u00e1r kiskor\u00e1ban is \u00e9rdekl\u0151d\u00f6tt a zene ir\u00e1nt, ez\u00e9rt sz\u00fclei 9 \u00e9ves kor\u00e1t\u00f3l zongor\u00e1zni tan\u00edttatt\u00e1k. Egy alkalommal a k\u00e9zdiv\u00e1s\u00e1rhelyi templomban Bach D-moll toccat\u00e1j\u00e1t adta el\u0151 hall\u00e1s ut\u00e1n. A templom k\u00e1ntora ekkor figyelt fel r\u00e1, majd mag\u00e1n\u00f3r\u00e1kon tan\u00edtani kezdte. Ezut\u00e1n a fi\u00fa az egyh\u00e1zi k\u00f3rusban s \u00fcnnepek alkalm\u00e1val zongor\u00e1zott.2011-ben egy sikertelen erd\u00e9lyi tehets\u00e9gkutat\u00f3 verseny ut\u00e1n jelentkezett a magyarorsz\u00e1gi Csillag Sz\u00fcletik m\u0171sorba (az \u201eAmerica&#8217;s Got Talent\u201d hazai megfelel\u0151je) \u00e9s megnyer\u0151 szem\u00e9lyis\u00e9g\u00e9vel, valamint a 70-es, 80-as \u00e9vek klasszikus dalaival (M\u00e1t\u00e9 P\u00e9ter, Bal\u00e1zs Fec\u00f3 vagy Demj\u00e9n Ferenc) \u00f3ri\u00e1si sikert aratott. 2012-ben jelent meg \u00f6n\u00e1ll\u00f3 albuma \u201eEzer sz\u00edv egy\u00fctt dobban\u201d c\u00edmmel.<\/p>\n<p><strong>Barta Alfonz<\/strong> A \u201er\u00e9gi Edda\u201d, azaz az Edda M\u0171vek Miskolc billenty\u0171se \u00e9s zeneszerz\u0151je 1977-83 k\u00f6z\u00f6tt, olyan legend\u00e1s sz\u00e1mok szerz\u0151je, mint az \u201e\u00c1lmodtam egy vil\u00e1got magamnak\u201d, \u201e\u00c9rz\u00e9s\u201d vagy a \u201eK\u00e9k sug\u00e1r\u201d.Klasszikus zenei tanulm\u00e1nyokat folytatott, zongor\u00e1zott, mellette megtanult basszusgit\u00e1ron \u00e9s dobon is j\u00e1tszani. Fontos szerepe volt az els\u0151 h\u00e1rom Edda-album dalainak hangszerel\u00e9s\u00e9ben. Besorozt\u00e1k katon\u00e1nak, de egy\u00fcttese kitartott mellette: el\u00e9rt\u00e9k, hogy miniszt\u00e9riumi enged\u00e9llyel, k\u00e9t kiskatona k\u00eds\u00e9ret\u00e9ben r\u00e9szt vehessen a jelent\u0151sebb koncerteken (k\u00f6zt\u00fck a Szovjetuni\u00f3-beli turn\u00e9) \u00e9s a felv\u00e9teleken (Edda M\u0171vek 2. album, Ballag\u00e1s film). A leszerel\u00e9s\u00e9ig a kisebb koncerten t\u00e1rsai n\u00e9gyen j\u00e1tszottak, \u00e1thangszerelve a dalokat. A harmadik \u00e1ltala hangszerelt Edda lemez ut\u00e1n Sv\u00e1jcba disszid\u00e1lt. H\u00e1rom alkalommal t\u00e9rt haza az Edda jubileumi koncertjeire, 1990-ben \u00e9s 2000-ben a \u201eBakancsos\u201d n\u00e9ven emlegetett fel\u00e1ll\u00e1s \u00e1llt \u00f6ssze, 1995-ben egy dal erej\u00e9ig vend\u00e9gszerepelt.<\/p>\n<p>A zen\u00e9l\u00e9st Sv\u00e1jcban is folytatta, k\u00e9t sz\u00f3l\u00f3lemeze jelent meg: \u201eI was at Hilton Basel\u201d \u00e9s a \u201eStay with me\u201d, valamint 1990-t\u0151l \u00e9vente 5-6 h\u00f3napot a Hilton Baselben j\u00e1tszott. Jelenleg az Amerikai Egyes\u00fclt \u00c1llamokban \u00e9l. A Talfi Music Productiont \u0151 \u00e9s p\u00e1rja hozt\u00e1k l\u00e9tre Florid\u00e1ban.<\/p>\n<h2>Helysz\u00ednek \u00e9s jegyel\u0151v\u00e9tel<\/h2>\n<p><a href=\"http:\/\/www.talfimusicproduction.com\/next-event.html\" target=\"_blank\"><img decoding=\"async\" loading=\"lazy\" src=\"\/anyag\/rendezveny\/2013\/20130907-Barta-Laszlo-01.jpg\" alt=\"BartaA-L\u00e1szl\u00f3A\" width=\"250\" height=\"250\"><\/a><\/p>\n<ul>\n<li><strong>szept. 7: Calgary, AB<\/strong> Helysz\u00edn: Calgary-i Magyar Kult\u00fark\u00f6zpont, 231 Forge Road SE, Calgary, AB T2H 0S9. Kezd\u00e9s: este 8 \u00f3ra. Jegy\u00e1rak: $25 (el\u0151v\u00e9telben), $30 (ajt\u00f3n\u00e1l) <a title=\"\" href=\"mailto:hcca_ticket@yahoo.ca\">hcca_ticket@yahoo.ca<\/a><a href=\"http:\/\/www.talfimusicproduction.com\/next-event.html\" target=\"_blank\"><img decoding=\"async\" loading=\"lazy\" src=\"\/anyag\/rendezveny\/2013\/20130907-Barta-Laszlo-02.jpg\" alt=\"BartaA-L\u00e1szl\u00f3A\" width=\"250\" height=\"250\"><\/a><\/li>\n<li><strong>szept. 14: Vancouver, BC<\/strong> Helysz\u00edn: Vancouveri Magyar Kultur\u00e1lis Egyes\u00fclet, 728 Kingsway, Vancouver, BC V5V 3C1. Kezd\u00e9s: este 7 \u00f3ra. Jegy\u00e1rak: $40 (ajt\u00f3n\u00e1l), $35 (el\u0151v\u00e9telben). Tel: 604-889-5731, 778-984-1615 <a href=\"http:\/\/www.talfimusicproduction.com\/next-event.html\" target=\"_blank\"><img decoding=\"async\" loading=\"lazy\" src=\"\/anyag\/rendezveny\/2013\/20130907-Barta-Laszlo-03.jpg\" alt=\"BartaA-L\u00e1szl\u00f3A\" width=\"250\" height=\"250\"><\/a><\/li>\n<li><strong>szept. 20: Ottawa, ON<\/strong> Helysz\u00edn: Ottawai Magyar H\u00e1z, 43 Capital Dr., Ottawa, ON K2G 0E7. Kezd\u00e9s: este 6 \u00f3ra (vacsora) Jegy\u00e1rak: $28 (feln\u0151tt tagoknak), $32 (feln\u0151tt nem tagoknak), 10 \u00e9v alatti gyermekek: $14. <a title=\"\" href=\"mailto:ottawamagyarhaz@gmail.com\">ottawamagyarhaz@gmail.com<\/a><a href=\"http:\/\/www.talfimusicproduction.com\/next-event.html\" target=\"_blank\"><img decoding=\"async\" loading=\"lazy\" src=\"\/anyag\/rendezveny\/2013\/20130907-Barta-Laszlo-04.jpg\" alt=\"BartaA-L\u00e1szl\u00f3A\" width=\"250\" height=\"250\"><\/a><\/li>\n<li><strong>szept. 21: Toronto, ON<\/strong> Helysz\u00edn: Boathouse Cellar, 1855 Dundas St. East, Mississauga. Kezd\u00e9s: este 7 \u00f3ra. Jegy\u00e1rak: $40. Tel: 905-782 8237. <a title=\"\" href=\"mailto:laszlo42@hotmail.com\">laszlo42@hotmail.com<\/a><\/li>\n<\/ul>\n","protected":false},"excerpt":{"rendered":"<p>L\u00e1szl\u00f3 Attila 17 \u00e9ves \u00e9nekes, el\u0151ad\u00f3, a sz\u00e9kelyf\u00f6ldi K\u00e9zdiv\u00e1s\u00e1rhely sz\u00fcl\u00f6tte. Mind\u00f6ssze 14 \u00e9ves volt, amikor 2011-ben megnyerte a magyarorsz\u00e1gi Csillag Sz\u00fcletik telev\u00edzi\u00f3s tehets\u00e9gkutat\u00f3 versenyt, s egy csap\u00e1sra orsz\u00e1gos ismerts\u00e9gre tett szert. M\u00e1r kiskor\u00e1ban is \u00e9rdekl\u0151d\u00f6tt a zene ir\u00e1nt, ez\u00e9rt sz\u00fclei 9 \u00e9ves kor\u00e1t\u00f3l zongor\u00e1zni tan\u00edttatt\u00e1k. Egy alkalommal a k\u00e9zdiv\u00e1s\u00e1rhelyi templomban Bach D-moll toccat\u00e1j\u00e1t adta el\u0151 &hellip; <a href=\"http:\/\/kmosz-nahc.ca\/hu\/barta-alfonz-es-laszlo-attila-kanadai-turneja\/\" class=\"more-link\"><span class=\"screen-reader-text\">&#8222;Barta Alfonz \u00e9s L\u00e1szl\u00f3 Attila kanadai turn\u00e9ja&#8221;<\/span> b\u0151vebben<\/a><\/p>\n","protected":false},"author":1,"featured_media":0,"comment_status":"closed","ping_status":"closed","sticky":false,"template":"","format":"standard","meta":[],"categories":[3],"tags":[],"_links":{"self":[{"href":"http:\/\/kmosz-nahc.ca\/hu\/wp-json\/wp\/v2\/posts\/109"}],"collection":[{"href":"http:\/\/kmosz-nahc.ca\/hu\/wp-json\/wp\/v2\/posts"}],"about":[{"href":"http:\/\/kmosz-nahc.ca\/hu\/wp-json\/wp\/v2\/types\/post"}],"author":[{"embeddable":true,"href":"http:\/\/kmosz-nahc.ca\/hu\/wp-json\/wp\/v2\/users\/1"}],"replies":[{"embeddable":true,"href":"http:\/\/kmosz-nahc.ca\/hu\/wp-json\/wp\/v2\/comments?post=109"}],"version-history":[{"count":0,"href":"http:\/\/kmosz-nahc.ca\/hu\/wp-json\/wp\/v2\/posts\/109\/revisions"}],"wp:attachment":[{"href":"http:\/\/kmosz-nahc.ca\/hu\/wp-json\/wp\/v2\/media?parent=109"}],"wp:term":[{"taxonomy":"category","embeddable":true,"href":"http:\/\/kmosz-nahc.ca\/hu\/wp-json\/wp\/v2\/categories?post=109"},{"taxonomy":"post_tag","embeddable":true,"href":"http:\/\/kmosz-nahc.ca\/hu\/wp-json\/wp\/v2\/tags?post=109"}],"curies":[{"name":"wp","href":"https:\/\/api.w.org\/{rel}","templated":true}]}}