{"id":108,"date":"2013-08-25T00:00:00","date_gmt":"2013-08-25T05:00:00","guid":{"rendered":"http:\/\/kmosz-nahc.ca\/hu\/?p=108"},"modified":"2013-08-25T00:00:00","modified_gmt":"2013-08-25T05:00:00","slug":"szent-istvan-napi-unnepseg-torontoban-balint-marta-es-matuska-marton-kozremukodesevel","status":"publish","type":"post","link":"http:\/\/kmosz-nahc.ca\/hu\/szent-istvan-napi-unnepseg-torontoban-balint-marta-es-matuska-marton-kozremukodesevel\/","title":{"rendered":"Szent Istv\u00e1n napi \u00fcnneps\u00e9g Toront\u00f3ban &#8211; B\u00e1lint M\u00e1rta \u00e9s Matuska M\u00e1rton k\u00f6zrem\u0171k\u00f6d\u00e9s\u00e9vel"},"content":{"rendered":"<p><figure style=\"width: 250px\" class=\"wp-caption alignright\"><img decoding=\"async\" loading=\"lazy\" class=\"\" src=\"\/anyag\/rendezveny\/2013\/20130825-BalintMarta.jpg\" alt=\"B\u00e1lint M\u00e1rta\" width=\"250\" height=\"250\"><figcaption class=\"wp-caption-text\">B\u00e1lint M\u00e1rta<\/figcaption><\/figure><strong>B\u00e1lint M\u00e1rta<\/strong> magyar \u00d6r\u00f6ks\u00e9g-d\u00edjas sz\u00edn\u00e9szn\u0151. Marosv\u00e1s\u00e1rhelyen sz\u00fcletett, ott v\u00e9gezte a Szentgy\u00f6rgyi Istv\u00e1n Sz\u00ednm\u0171v\u00e9szeti F\u0151iskol\u00e1t \u00e9s v\u00e1lt vezet\u0151 sz\u00edn\u00e9ssz\u00e9 a marosv\u00e1s\u00e1rhelyi Nemzeti Sz\u00ednh\u00e1zban. \u00d6tven f\u0151szerepet j\u00e1tszott a vil\u00e1girodalom legszebb darabjaiban. Miut\u00e1n csal\u00e1dj\u00e1val Budapestre k\u00f6lt\u00f6z\u00f6tt, p\u00e1ly\u00e1ja fordulatot vett \u00e9s egy\u00fattal gazdagodott is: \u00f6n\u00e1ll\u00f3 el\u0151ad\u00f3estjer\u0151l v\u00e1lt ismertt\u00e9. Egyik legeml\u00e9kezetesebb alak\u00edt\u00e1sa J\u00f3kai Anna \u00edr\u00f3n\u0151 <em>\u201eSzeg\u00e9ny Sud\u00e1r Anna\u201d<\/em> c\u00edm\u0171 reg\u00e9ny\u00e9nek sz\u00ednpadi v\u00e1ltozata, amelyet most Toront\u00f3ban fog el\u0151adni.<\/p>\n<p>Az <em>\u201e\u00c9n, Szeg\u00e9ny Sud\u00e1r Anna\u201d<\/em> c. monodr\u00e1ma egy erd\u00e9lyi magyar asszony k\u00e9pzelt napl\u00f3ja, amely az 1989. december\u00e9ben lezajlott rom\u00e1niai \u201eforradalom\u201d el\u0151tti id\u0151kben j\u00e1tsz\u00f3dik. Az els\u0151 \u00e9s mindm\u00e1ig egyetlen reg\u00e9ny, amelyet anyaorsz\u00e1gbeli \u00edr\u00f3 alkotott a rom\u00e1niai magyars\u00e1g- \u00e9s m\u00e1s hasonl\u00f3 k\u00f6r\u00fclm\u00e9nyek k\u00f6z\u00f6tt \u00e9l\u0151 magyar n\u00e9pcsoportok sorsk\u00e9rd\u00e9seir\u0151l.<\/p>\n<p><figure style=\"width: 250px\" class=\"wp-caption alignleft\"><img decoding=\"async\" loading=\"lazy\" class=\"\" src=\"\/anyag\/rendezveny\/2013\/20130825-MatuskaMarton.jpg\" alt=\"Matuska M\u00e1rton\" width=\"250\" height=\"250\"><figcaption class=\"wp-caption-text\">Matuska M\u00e1rton<\/figcaption><\/figure><strong>Matuska M\u00e1rton<\/strong> T\u00e1ncsics Mih\u00e1ly- \u00e9s Bethlen G\u00e1bor-d\u00edjas \u00fajs\u00e1g\u00edr\u00f3, publicista a d\u00e9lvid\u00e9ki Temer\u00ednb\u0151l. Az 1944-45-ben a b\u00e1cskai magyarok ellen elk\u00f6vetett t\u00f6megm\u00e9sz\u00e1rl\u00e1sok felt\u00e1r\u00f3ja, kutat\u00f3ja. T\u00f6bb k\u00f6nyve jelent meg e t\u00e9m\u00e1ban, melyek k\u00f6z\u00fcl legismertebb az 1991-ben \u00edr\u00f3dott \u201eA megtorl\u00e1s napjai\u201d c. k\u00f6tete, amely n\u00e9met, francia \u00e9s angol nyelven is megjelent. Munk\u00e1ss\u00e1ga nagyban hozz\u00e1j\u00e1rult a nemr\u00e9g meghirdetett magyar-szerb megb\u00e9k\u00e9l\u00e9si folyamathoz, amelynek keret\u00e9ben Szerbia parlamentje 2013 j\u00fanius\u00e1ban nyilatkozatban \u00edt\u00e9lte el az 1944-45-\u00f6s vajdas\u00e1gi v\u00e9rengz\u00e9seket \u00e9s a kollekt\u00edv b\u0171n\u00f6ss\u00e9g szellem\u00e9ben hozott h\u00e1bor\u00fas hat\u00e1rozatokat.<\/p>\n<h2>El\u0151ad\u00e1s<\/h2>\n<p>Augusztus 25 <br \/>Szent Erzs\u00e9bet R\u00f3mai Katolikus Egyh\u00e1zk\u00f6zs\u00e9g <br \/>432 Sheppard Ave. East <br \/>Willowdale (Toronto), ON M2N 3B7 <br \/>Kezd\u00e9s: du. 3.30 \u00f3ra <br \/>Bel\u00e9p\u00e9s: ingyenes<\/p>\n","protected":false},"excerpt":{"rendered":"<p>B\u00e1lint M\u00e1rta magyar \u00d6r\u00f6ks\u00e9g-d\u00edjas sz\u00edn\u00e9szn\u0151. Marosv\u00e1s\u00e1rhelyen sz\u00fcletett, ott v\u00e9gezte a Szentgy\u00f6rgyi Istv\u00e1n Sz\u00ednm\u0171v\u00e9szeti F\u0151iskol\u00e1t \u00e9s v\u00e1lt vezet\u0151 sz\u00edn\u00e9ssz\u00e9 a marosv\u00e1s\u00e1rhelyi Nemzeti Sz\u00ednh\u00e1zban. \u00d6tven f\u0151szerepet j\u00e1tszott a vil\u00e1girodalom legszebb darabjaiban. Miut\u00e1n csal\u00e1dj\u00e1val Budapestre k\u00f6lt\u00f6z\u00f6tt, p\u00e1ly\u00e1ja fordulatot vett \u00e9s egy\u00fattal gazdagodott is: \u00f6n\u00e1ll\u00f3 el\u0151ad\u00f3estjer\u0151l v\u00e1lt ismertt\u00e9. Egyik legeml\u00e9kezetesebb alak\u00edt\u00e1sa J\u00f3kai Anna \u00edr\u00f3n\u0151 \u201eSzeg\u00e9ny Sud\u00e1r Anna\u201d c\u00edm\u0171 reg\u00e9ny\u00e9nek &hellip; <a href=\"http:\/\/kmosz-nahc.ca\/hu\/szent-istvan-napi-unnepseg-torontoban-balint-marta-es-matuska-marton-kozremukodesevel\/\" class=\"more-link\"><span class=\"screen-reader-text\">&#8222;Szent Istv\u00e1n napi \u00fcnneps\u00e9g Toront\u00f3ban &#8211; B\u00e1lint M\u00e1rta \u00e9s Matuska M\u00e1rton k\u00f6zrem\u0171k\u00f6d\u00e9s\u00e9vel&#8221;<\/span> b\u0151vebben<\/a><\/p>\n","protected":false},"author":1,"featured_media":0,"comment_status":"closed","ping_status":"closed","sticky":false,"template":"","format":"standard","meta":[],"categories":[3],"tags":[],"_links":{"self":[{"href":"http:\/\/kmosz-nahc.ca\/hu\/wp-json\/wp\/v2\/posts\/108"}],"collection":[{"href":"http:\/\/kmosz-nahc.ca\/hu\/wp-json\/wp\/v2\/posts"}],"about":[{"href":"http:\/\/kmosz-nahc.ca\/hu\/wp-json\/wp\/v2\/types\/post"}],"author":[{"embeddable":true,"href":"http:\/\/kmosz-nahc.ca\/hu\/wp-json\/wp\/v2\/users\/1"}],"replies":[{"embeddable":true,"href":"http:\/\/kmosz-nahc.ca\/hu\/wp-json\/wp\/v2\/comments?post=108"}],"version-history":[{"count":0,"href":"http:\/\/kmosz-nahc.ca\/hu\/wp-json\/wp\/v2\/posts\/108\/revisions"}],"wp:attachment":[{"href":"http:\/\/kmosz-nahc.ca\/hu\/wp-json\/wp\/v2\/media?parent=108"}],"wp:term":[{"taxonomy":"category","embeddable":true,"href":"http:\/\/kmosz-nahc.ca\/hu\/wp-json\/wp\/v2\/categories?post=108"},{"taxonomy":"post_tag","embeddable":true,"href":"http:\/\/kmosz-nahc.ca\/hu\/wp-json\/wp\/v2\/tags?post=108"}],"curies":[{"name":"wp","href":"https:\/\/api.w.org\/{rel}","templated":true}]}}