{"id":102,"date":"2012-11-28T00:00:00","date_gmt":"2012-11-28T05:00:00","guid":{"rendered":"http:\/\/kmosz-nahc.ca\/hu\/?p=102"},"modified":"2012-11-28T00:00:00","modified_gmt":"2012-11-28T05:00:00","slug":"a-kmosz-hatarozottan-eliteli-a-magyarorszagon-elhangzott-antiszemita-kijelenteseket","status":"publish","type":"post","link":"http:\/\/kmosz-nahc.ca\/hu\/a-kmosz-hatarozottan-eliteli-a-magyarorszagon-elhangzott-antiszemita-kijelenteseket\/","title":{"rendered":"A KMOSz hat\u00e1rozottan el\u00edt\u00e9li a Magyarorsz\u00e1gon elhangzott antiszemita kijelent\u00e9seket"},"content":{"rendered":"<p>A Kanadai Magyarok Orsz\u00e1gos Sz\u00f6vets\u00e9ge (KMOSz) megd\u00f6bben\u00e9ssel vette tudom\u00e1sul Gy\u00f6ngy\u00f6si M\u00e1rton orsz\u00e1ggy\u0171l\u00e9si k\u00e9pvisel\u0151nek az Orsz\u00e1gh\u00e1z november 26-i plen\u00e1ris \u00fcl\u00e9s\u00e9n elhangzott kijelent\u00e9s\u00e9t, amely szerint itt az ideje <\/p>\n<blockquote><p>\u201chogy felm\u00e9rj\u00fck azt, hogy az itt \u00e9l\u0151, \u00e9s k\u00fcl\u00f6n\u00f6sen a magyar Orsz\u00e1ggy\u0171l\u00e9sben \u00e9s a magyar korm\u00e1nyban h\u00e1ny olyan zsid\u00f3 sz\u00e1rmaz\u00e1s\u00fa ember van, aki bizonyos nemzetbiztons\u00e1gi kock\u00e1zatot jelent Magyarorsz\u00e1g sz\u00e1m\u00e1ra\u201d.<\/p><\/blockquote>\n<p>A kanadai \u00e9s egyetemes emberi \u00e9rt\u00e9kek tiszteletben tart\u00e1s\u00e1nak szellem\u00e9ben, a Kanadai Magyarok Orsz\u00e1gos Sz\u00f6vets\u00e9ge hat\u00e1rozottan el\u00edt\u00e9l minden faji, vall\u00e1si, vagy etnikai alap\u00fa h\u00e1tr\u00e1nyos megk\u00fcl\u00f6nb\u00f6ztet\u00e9st, valamint az antiszemitizmus minden form\u00e1j\u00e1t. A KMOSz minden embert egyenl\u0151nek tekint s e szellemben k\u00edv\u00e1n mindig, mindenkor ki\u00e1llni minden h\u00e1tr\u00e1nyos megk\u00fcl\u00f6nb\u00f6ztet\u00e9st szenved\u0151 ember vagy k\u00f6z\u00f6ss\u00e9g mellett.<\/p>\n","protected":false},"excerpt":{"rendered":"<p>A Kanadai Magyarok Orsz\u00e1gos Sz\u00f6vets\u00e9ge (KMOSz) megd\u00f6bben\u00e9ssel vette tudom\u00e1sul Gy\u00f6ngy\u00f6si M\u00e1rton orsz\u00e1ggy\u0171l\u00e9si k\u00e9pvisel\u0151nek az Orsz\u00e1gh\u00e1z november 26-i plen\u00e1ris \u00fcl\u00e9s\u00e9n elhangzott kijelent\u00e9s\u00e9t, amely szerint itt az ideje \u201chogy felm\u00e9rj\u00fck azt, hogy az itt \u00e9l\u0151, \u00e9s k\u00fcl\u00f6n\u00f6sen a magyar Orsz\u00e1ggy\u0171l\u00e9sben \u00e9s a magyar korm\u00e1nyban h\u00e1ny olyan zsid\u00f3 sz\u00e1rmaz\u00e1s\u00fa ember van, aki bizonyos nemzetbiztons\u00e1gi kock\u00e1zatot jelent Magyarorsz\u00e1g sz\u00e1m\u00e1ra\u201d. &hellip; <a href=\"http:\/\/kmosz-nahc.ca\/hu\/a-kmosz-hatarozottan-eliteli-a-magyarorszagon-elhangzott-antiszemita-kijelenteseket\/\" class=\"more-link\"><span class=\"screen-reader-text\">&#8222;A KMOSz hat\u00e1rozottan el\u00edt\u00e9li a Magyarorsz\u00e1gon elhangzott antiszemita kijelent\u00e9seket&#8221;<\/span> b\u0151vebben<\/a><\/p>\n","protected":false},"author":1,"featured_media":0,"comment_status":"closed","ping_status":"closed","sticky":false,"template":"","format":"standard","meta":[],"categories":[6],"tags":[],"_links":{"self":[{"href":"http:\/\/kmosz-nahc.ca\/hu\/wp-json\/wp\/v2\/posts\/102"}],"collection":[{"href":"http:\/\/kmosz-nahc.ca\/hu\/wp-json\/wp\/v2\/posts"}],"about":[{"href":"http:\/\/kmosz-nahc.ca\/hu\/wp-json\/wp\/v2\/types\/post"}],"author":[{"embeddable":true,"href":"http:\/\/kmosz-nahc.ca\/hu\/wp-json\/wp\/v2\/users\/1"}],"replies":[{"embeddable":true,"href":"http:\/\/kmosz-nahc.ca\/hu\/wp-json\/wp\/v2\/comments?post=102"}],"version-history":[{"count":0,"href":"http:\/\/kmosz-nahc.ca\/hu\/wp-json\/wp\/v2\/posts\/102\/revisions"}],"wp:attachment":[{"href":"http:\/\/kmosz-nahc.ca\/hu\/wp-json\/wp\/v2\/media?parent=102"}],"wp:term":[{"taxonomy":"category","embeddable":true,"href":"http:\/\/kmosz-nahc.ca\/hu\/wp-json\/wp\/v2\/categories?post=102"},{"taxonomy":"post_tag","embeddable":true,"href":"http:\/\/kmosz-nahc.ca\/hu\/wp-json\/wp\/v2\/tags?post=102"}],"curies":[{"name":"wp","href":"https:\/\/api.w.org\/{rel}","templated":true}]}}