{"id":132,"date":"2016-03-04T00:00:00","date_gmt":"2016-03-04T05:00:00","guid":{"rendered":"http:\/\/kmosz-nahc.ca\/en\/?p=132"},"modified":"2016-03-04T00:00:00","modified_gmt":"2016-03-04T05:00:00","slug":"open-letter-for-the-szekler-freedom-day","status":"publish","type":"post","link":"http:\/\/kmosz-nahc.ca\/en\/open-letter-for-the-szekler-freedom-day\/","title":{"rendered":"Open letter for the Szekler Freedom Day"},"content":{"rendered":"<p style=\"text-align:right;\"><em>\u201cLive in freedom or die for it with courage\u2026\u201d<\/em><br \/>(M\u00f3r J\u00f3kai)<\/p>\n<p>Dear Compatriots,<\/p>\n<p>March 10<sup>th<\/sup> is Szekler Freedom Day!<\/p>\n<p>We, the executives and members of the National Alliance of Hungarians in Canada stand together in spirit with those who walk along the streets of the former capital of the Szeklerland, Marosv\u00e1s\u00e1rhely. With deepest sorrow we bow our heads before those who have been victims of Communism. We also bow our heads in memory of our Sz\u00e9kely Martyrs, the brutally murdered victims of the freedom fight for the Szekler independence form the Habsburg oppression. On Moarh 10, 1854 in Marosv\u00e1s\u00e1rhely (Postar\u00e9t), the Habsburgs executed J\u00e1nos B\u00e1gyi T\u00f6r\u00f6k, Mih\u00e1ly Martonosi G\u00e1lfi, and K\u00e1roly Nagyv\u00e1radi Horv\u00e1th. Later, on 19 April, in the township of Sepsiszentgy\u00f6rgy, Istv\u00e1n Bartalis and J\u00f3zsef V\u00e1radi were executed. We designate their names as our Sz\u00e9kely Martyrs. We are grateful to our priests \u00c1ron M\u00e1rton and Cardinal Mindszenty who, with the help of God, fought with tremendous faith and courage so that we, in posterity, could live in humanity and freedom. In our thoughts, we pay tribute to the upcoming 60th Anniversary of the 1956 Hungarian Revolution. This national heroic struggle opened the road towards the collapse of Communism. Today, for all Hungarians, Szekler Freedom Day must be more than just remembering, it must be a day of Solidarity.<\/p>\n<p>Regardless of which part of the Carpathian Basin you were born, as a member of the National Alliance of Hungarians in Canada, we stand united for the autonomy and national sovereignty of the Szeklerland.<\/p>\n<p>We must work together, so that a monument shall be erected in Marosv\u00e1s\u00e1rhely (Postar\u00e9t), with the inscribed words of the great author M\u00f3r J\u00f3kai: A \u201cLegitimate, Free and Independent National Resistance\u201d, for the autonomy of Szeklerland. We must work hard that in the 21<sup>st<\/sup> century, in Europe\u2019s heart, laws which forbid or ban the use of our ethnic mother-tongue, in an artificially instigated anti-Hungarian environment, will be eliminated, or cannot be labelled in court cases as ethnic reprisals.<\/p>\n<p>Whether in the country of your birth in Europe or somewhere in the world, we can only defend our language and culture if we are free and live in a truly democratic system. Everyone has the right to an independent national life. So, let us adopt M\u00f3r J\u00f3kai\u2019s words as our slogan for the struggle of Szekler autonomy.<\/p>\n","protected":false},"excerpt":{"rendered":"<p>\u201cLive in freedom or die for it with courage\u2026\u201d(M\u00f3r J\u00f3kai) Dear Compatriots, March 10th is Szekler Freedom Day! We, the executives and members of the National Alliance of Hungarians in Canada stand together in spirit with those who walk along the streets of the former capital of the Szeklerland, Marosv\u00e1s\u00e1rhely. With deepest sorrow we bow &hellip; <a href=\"http:\/\/kmosz-nahc.ca\/en\/open-letter-for-the-szekler-freedom-day\/\" class=\"more-link\">Continue reading<span class=\"screen-reader-text\"> &#8220;Open letter for the Szekler Freedom Day&#8221;<\/span><\/a><\/p>\n","protected":false},"author":1,"featured_media":0,"comment_status":"closed","ping_status":"closed","sticky":false,"template":"","format":"standard","meta":[],"categories":[6],"tags":[],"_links":{"self":[{"href":"http:\/\/kmosz-nahc.ca\/en\/wp-json\/wp\/v2\/posts\/132"}],"collection":[{"href":"http:\/\/kmosz-nahc.ca\/en\/wp-json\/wp\/v2\/posts"}],"about":[{"href":"http:\/\/kmosz-nahc.ca\/en\/wp-json\/wp\/v2\/types\/post"}],"author":[{"embeddable":true,"href":"http:\/\/kmosz-nahc.ca\/en\/wp-json\/wp\/v2\/users\/1"}],"replies":[{"embeddable":true,"href":"http:\/\/kmosz-nahc.ca\/en\/wp-json\/wp\/v2\/comments?post=132"}],"version-history":[{"count":0,"href":"http:\/\/kmosz-nahc.ca\/en\/wp-json\/wp\/v2\/posts\/132\/revisions"}],"wp:attachment":[{"href":"http:\/\/kmosz-nahc.ca\/en\/wp-json\/wp\/v2\/media?parent=132"}],"wp:term":[{"taxonomy":"category","embeddable":true,"href":"http:\/\/kmosz-nahc.ca\/en\/wp-json\/wp\/v2\/categories?post=132"},{"taxonomy":"post_tag","embeddable":true,"href":"http:\/\/kmosz-nahc.ca\/en\/wp-json\/wp\/v2\/tags?post=132"}],"curies":[{"name":"wp","href":"https:\/\/api.w.org\/{rel}","templated":true}]}}